{"id":87517,"date":"2026-01-27T20:23:54","date_gmt":"2026-01-27T23:23:54","guid":{"rendered":"https:\/\/www.tvnovelas.com.br\/tvnews\/?p=87517"},"modified":"2026-01-28T09:30:23","modified_gmt":"2026-01-28T12:30:23","slug":"presente-de-amor-petra-arma-jantar-a-dois-para-eugenio-e-ursula","status":"publish","type":"post","link":"https:\/\/www.tvnovelas.com.br\/tvnews\/presente-de-amor-petra-arma-jantar-a-dois-para-eugenio-e-ursula\/","title":{"rendered":"Em Presente de Amor: Petra arma jantar a dois para Eug\u00eanio e \u00darsula"},"content":{"rendered":"<figure id=\"attachment_87518\" aria-describedby=\"caption-attachment-87518\" style=\"width: 728px\" class=\"wp-caption alignnone\"><img data-recalc-dims=\"1\" decoding=\"async\" class=\"wp-image-87518 size-full\" title=\"(Foto: SBT\/Televisa\/Presente de Amor)\" src=\"https:\/\/i0.wp.com\/www.tvnovelas.com.br\/tvnews\/wp-content\/uploads\/2026\/01\/12680-1.jpg?resize=728%2C409&#038;ssl=1\" alt=\"Foto em Presente de Amor: Petra arma jantar a dois para Eug\u00eanio e \u00darsula\" width=\"728\" height=\"409\" srcset=\"https:\/\/i0.wp.com\/www.tvnovelas.com.br\/tvnews\/wp-content\/uploads\/2026\/01\/12680-1.jpg?w=728&amp;ssl=1 728w, https:\/\/i0.wp.com\/www.tvnovelas.com.br\/tvnews\/wp-content\/uploads\/2026\/01\/12680-1.jpg?resize=250%2C140&amp;ssl=1 250w\" sizes=\"(max-width: 728px) 100vw, 728px\" \/><figcaption id=\"caption-attachment-87518\" class=\"wp-caption-text\">Presente de Amor: Petra arma jantar a dois para Eug\u00eanio e \u00darsula<\/figcaption><\/figure>\n<p>No cap\u00edtulo de Presente de Amor desta quarta, dia 28, Eug\u00eanio cobra Petra por ter armado uma armadilha para ele e diz que n\u00e3o tinha nenhuma inten\u00e7\u00e3o de jantar sozinho com \u00darsula.<\/p>\n<p>Petra se desculpa e diz que \u00darsula \u00e9 bonita, inteligente, independente e o ama, por isso ele deveria se dar a oportunidade de ter um relacionamento com ela.<\/p>\n<p><em> Confira o resumo do cap\u00edtulo de hoje:<\/em><\/p>\n<h2 style=\"color: #6e026f;\">Resumo de quarta-feira, 28 de janeiro<\/h2>\n<p>Eug\u00eanio est\u00e1 prestes a beijar Isabella, mas ela se afasta. Eug\u00eanio cobra Petra por ter armado uma armadilha para ele e diz que n\u00e3o tinha nenhuma inten\u00e7\u00e3o de jantar sozinho com \u00darsula. Petra se desculpa e diz que \u00darsula \u00e9 bonita, inteligente, independente e o ama, por isso ele deveria se dar a oportunidade de ter um relacionamento com ela. \u00darsula, irritada, pergunta a Pablo, o motivo de contrataram Miranda e Isabella com exclusividade. Ele responde que algo Eug\u00eanio e Fausta devem ter visto nelas. \u00darsula responde que, se h\u00e1 algo a mais, a concorr\u00eancia \u00e9 boa, mas aquelas duas n\u00e3o chegam nem aos seus p\u00e9s. Petra diz a \u00darsula que \u00e9 urgente que ela contrate seu namorado. \u00darsula responde que assim que Eug\u00eanio autorizar, e que n\u00e3o deve se preocupar porque ela cuida disso, mas que precisa mudar o visual dele, que \u00e9 comum e espantoso. \u00darsula mostra a Eug\u00eanio o projeto de Petra e diz que trabalharam juntas. Eug\u00eanio agradece por apoiar sua irm\u00e3. \u00darsula, ao ver Isabella, abra\u00e7a Eug\u00eanio e diz que por ele e por Petra faz qualquer coisa, j\u00e1 que os ama muito. No dia do evento da empresa, Am\u00e9lia quer levar Valentina para junto de sua m\u00e3e. Petra sobe ao palco e diz, diante dos convidados, que espera que algum dia sua m\u00e3e lhe d\u00ea o reconhecimento e o amor que d\u00e1 ao seu irm\u00e3o Eug\u00eanio. Ele tenta tranquiliz\u00e1-la. Augusto, ao ver Eug\u00eanio angustiado, pergunta o que est\u00e1 acontecendo. Eug\u00eanio responde que ainda n\u00e3o superou o fato de n\u00e3o ter conseguido salvar seu filho e, por outro lado, n\u00e3o sabe como ajudar Petra. Augusto diz que ele n\u00e3o pode mudar o passado, mas pode mudar o futuro, por isso deve procurar uma boa mulher. Eug\u00eanio recebe uma mensagem de Isabella, dizendo que Valentina quer v\u00ea-lo. Petra ordena a Tomasia que coloque vasos com flores e enterra no jardim uma bolsa de Fausta. Petra, furiosa, pergunta a Am\u00e9lia quem colocou tantas flores horr\u00edveis na sala e quem destruiu suas flores no jardim. Tanto Tomasia quanto Am\u00e9lia dizem que foi ela mesma.<br \/>\n<div class=\"pt-cv-wrapper\"><h2 class='pt-cv-heading-container heading2' data-blockid='ab488fdp2g'><span class='pt-cv-heading'> \u00daltimas da Novela <\/span><\/h2><div class=\"pt-cv-view pt-cv-grid pt-cv-colsys\" id=\"pt-cv-view-ab488fdp2g\"><div data-id=\"pt-cv-page-1\" class=\"pt-cv-page\" data-cvc=\"1\"><div class=\"col-md-12 col-sm-12 col-xs-12 pt-cv-content-item pt-cv-1-col\" ><div class='pt-cv-ifield'><h4 class=\"pt-cv-title\"><a href=\"https:\/\/www.tvnovelas.com.br\/tvnews\/a-mar-estrela-reune-moradores-para-barrar-maquinario-de-sergio\/\" class=\"_self\" target=\"_self\" >A.Mar: Estrela re\u00fane moradores para barrar m\u00e1quin\u00e1rio de S\u00e9rgio<\/a><\/h4><\/div><\/div>\n<div class=\"col-md-12 col-sm-12 col-xs-12 pt-cv-content-item pt-cv-1-col\" ><div class='pt-cv-ifield'><h4 class=\"pt-cv-title\"><a href=\"https:\/\/www.tvnovelas.com.br\/tvnews\/a-mar-erika-inocenta-fabian-e-ulises\/\" class=\"_self\" target=\"_self\" >A.Mar: \u00c9rika inocenta Fabian e Ulises<\/a><\/h4><\/div><\/div>\n<div class=\"col-md-12 col-sm-12 col-xs-12 pt-cv-content-item pt-cv-1-col\" ><div class='pt-cv-ifield'><h4 class=\"pt-cv-title\"><a href=\"https:\/\/www.tvnovelas.com.br\/tvnews\/a-mar-erika-confessa-a-fabian-que-mentiu-sobre-gravidez\/\" class=\"_self\" target=\"_self\" >A.Mar: \u00c9rika confessa a Fabian que mentiu sobre gravidez<\/a><\/h4><\/div><\/div><\/div><\/div><\/div><\/p>\n<div style=\"font-size: 120%;\"><h3>Confira tamb\u00e9m<\/h3>\r\n<a href=\"https:\/\/tvnovelas.com.br\/novelas\/\" rel=\"noopener\" target=\"_blank\"><strong>Todos os resumos de novelas<\/strong><\/a><\/br>\r\n<a href=\"https:\/\/www.tvnovelas.com.br\/tvnews\/\" rel=\"noopener\" target=\"_blank\"><strong>\u00daltimas not\u00edcias das novelas<\/strong><\/a><\/br>\r\n<a href=\"https:\/\/www.tvnovelas.com.br\/filmes\/\" target=\"_blank\" rel=\"noopener noreferrer\"><strong>Programa\u00e7\u00e3o de filmes na TV aberta<\/strong><\/a><\/br>\r\n<a href=\"https:\/\/caetenews.com.br\/semana\/filmes-da-globo-na-sessao-da-tarde-desta-semana\/\" target=\"_blank\" rel=\"noopener\"><strong>Confira os filmes da semana na Sess\u00e3o da Tarde<\/strong><\/a><\/br>\r\n<a href=\"https:\/\/classindportal.mj.gov.br\/consulta-filmes\" target=\"_blank\" rel=\"noopener\"><strong>Consulte a classifica\u00e7\u00e3o indicativa dos filmes e novelas<\/strong><\/a><\/br><\/div>\n<p><a href=\"https:\/\/tvnovelas.com.br\/page2\/arquivo\/a-mar-conflitos-tragedia-e-drama-na-historia-de-estrela\/\" target=\"_blank\" rel=\"noopener\">A.Mar: Conhe\u00e7a a hist\u00f3ria da novela<\/a><\/p>\n","protected":false},"excerpt":{"rendered":"<p>Presente de Amor: Petra arma jantar a dois&#8230; No cap\u00edtulo de Presente de Amor desta ter\u00e7a, dia 27, Eug\u00eanio cobra Petra por ter armado uma armadilha&#8230;<\/p>\n","protected":false},"author":1,"featured_media":87518,"comment_status":"closed","ping_status":"closed","sticky":false,"template":"","format":"standard","meta":{"_uf_show_specific_survey":0,"_uf_disable_surveys":false,"_jetpack_memberships_contains_paid_content":false,"footnotes":"","_wp_rev_ctl_limit":""},"categories":[1044],"tags":[64,1045,13],"class_list":["post-87517","post","type-post","status-publish","format-standard","has-post-thumbnail","hentry","category-presente-de-amor","tag-novelas","tag-presente-de-amor","tag-sbt","wpcat-1044-id"],"aioseo_notices":[],"jetpack_featured_media_url":"https:\/\/i0.wp.com\/www.tvnovelas.com.br\/tvnews\/wp-content\/uploads\/2026\/01\/12680-1.jpg?fit=728%2C409&ssl=1","jetpack_shortlink":"https:\/\/wp.me\/pdP2BO-mLz","jetpack_sharing_enabled":true,"_links":{"self":[{"href":"https:\/\/www.tvnovelas.com.br\/tvnews\/wp-json\/wp\/v2\/posts\/87517","targetHints":{"allow":["GET"]}}],"collection":[{"href":"https:\/\/www.tvnovelas.com.br\/tvnews\/wp-json\/wp\/v2\/posts"}],"about":[{"href":"https:\/\/www.tvnovelas.com.br\/tvnews\/wp-json\/wp\/v2\/types\/post"}],"author":[{"embeddable":true,"href":"https:\/\/www.tvnovelas.com.br\/tvnews\/wp-json\/wp\/v2\/users\/1"}],"replies":[{"embeddable":true,"href":"https:\/\/www.tvnovelas.com.br\/tvnews\/wp-json\/wp\/v2\/comments?post=87517"}],"version-history":[{"count":4,"href":"https:\/\/www.tvnovelas.com.br\/tvnews\/wp-json\/wp\/v2\/posts\/87517\/revisions"}],"predecessor-version":[{"id":87537,"href":"https:\/\/www.tvnovelas.com.br\/tvnews\/wp-json\/wp\/v2\/posts\/87517\/revisions\/87537"}],"wp:featuredmedia":[{"embeddable":true,"href":"https:\/\/www.tvnovelas.com.br\/tvnews\/wp-json\/wp\/v2\/media\/87518"}],"wp:attachment":[{"href":"https:\/\/www.tvnovelas.com.br\/tvnews\/wp-json\/wp\/v2\/media?parent=87517"}],"wp:term":[{"taxonomy":"category","embeddable":true,"href":"https:\/\/www.tvnovelas.com.br\/tvnews\/wp-json\/wp\/v2\/categories?post=87517"},{"taxonomy":"post_tag","embeddable":true,"href":"https:\/\/www.tvnovelas.com.br\/tvnews\/wp-json\/wp\/v2\/tags?post=87517"}],"curies":[{"name":"wp","href":"https:\/\/api.w.org\/{rel}","templated":true}]}}