{"id":87549,"date":"2026-01-28T21:00:18","date_gmt":"2026-01-29T00:00:18","guid":{"rendered":"https:\/\/www.tvnovelas.com.br\/tvnews\/?p=87549"},"modified":"2026-01-28T16:46:52","modified_gmt":"2026-01-28T19:46:52","slug":"mae-melek-tira-o-irmao-do-abrigo-e-foge-com-ele","status":"publish","type":"post","link":"https:\/\/www.tvnovelas.com.br\/tvnews\/mae-melek-tira-o-irmao-do-abrigo-e-foge-com-ele\/","title":{"rendered":"M\u00e3e: Melek tira o irm\u00e3o do abrigo e foge com ele"},"content":{"rendered":"<figure id=\"attachment_87550\" aria-describedby=\"caption-attachment-87550\" style=\"width: 728px\" class=\"wp-caption alignnone\"><img data-recalc-dims=\"1\" decoding=\"async\" class=\"wp-image-87550 size-full\" title=\"(Foto: Record TV\/M\u00e3e)\" src=\"https:\/\/i0.wp.com\/www.tvnovelas.com.br\/tvnews\/wp-content\/uploads\/2026\/01\/12687-1.jpg?resize=728%2C410&#038;ssl=1\" alt=\"Foto em M\u00e3e: Melek tira o irm\u00e3o do abrigo e foge com ele\" width=\"728\" height=\"410\" srcset=\"https:\/\/i0.wp.com\/www.tvnovelas.com.br\/tvnews\/wp-content\/uploads\/2026\/01\/12687-1.jpg?w=728&amp;ssl=1 728w, https:\/\/i0.wp.com\/www.tvnovelas.com.br\/tvnews\/wp-content\/uploads\/2026\/01\/12687-1.jpg?resize=250%2C141&amp;ssl=1 250w\" sizes=\"(max-width: 728px) 100vw, 728px\" \/><figcaption id=\"caption-attachment-87550\" class=\"wp-caption-text\">M\u00e3e: Melek tira o irm\u00e3o do abrigo e foge com ele<\/figcaption><\/figure>\n<p>No cap\u00edtulo de M\u00e3e, desta quinta, dia 29, Melek sai de casa e vai ao abrigo ao encontro de Hasan. Ela implora para ficar com Hasan e as funcion\u00e1rias permitem que ela fique com o menino no jardim. Melek est\u00e1 decida a n\u00e3o ficar longe do irm\u00e3ozinho e foge com ele do abrigo.<\/p>\n<p>Sozinha, Melek vai com o irm\u00e3o para o apartamento do filho de Ecel. Agora, no parque, Melek tenta conseguir dinheiro para comer.<\/p>\n<p>Ecel vai ao apartamento do filho e desconfia que Melek esteve ali com o irm\u00e3o.<\/p>\n<p>Na sequ\u00eancia do cap\u00edtulos, No parque com o irm\u00e3o, Melek faz amizade com uma florista e vende arcos de flores para conseguir algum dinheiro.<\/p>\n<p>Melek tem uma surpresa ao voltar para o apartamento, onde vai encontrar Gonul e Ecel lhe esperando.<\/p>\n<p><em>Resumo do cap\u00edtulo do dia:<\/em><\/p>\n<h2 style=\"color: #6e026f;\">Resumo de quinta-feira, 29 de janeiro<\/h2>\n<p>No abrigo, Melek implora para ficar com Hasan e as funcion\u00e1rias permitem que ela fique com o menino no jardim. Melek foge com o irm\u00e3o do abrigo. Cengiz reconhece que Hasan \u00e9 seu filho e chora no colo de Sule. As funcion\u00e1rias do abrigo d\u00e3o pela falta de Melek e Hasan e chamam a pol\u00edcia. Cengiz e Sule s\u00e3o levados para a delegacia. Gonul se preocupa ao saber que Turna\/Melek e o irm\u00e3o sumiram. Sule e Cengiz acusam Zeynep pelo sumi\u00e7o das crian\u00e7as. Sinan fica apreensivo e liga para Cahide. Sozinha, Melek vai com o irm\u00e3o para o apartamento do filho de Ecel. Cahide acompanha Zeynep no depoimento na delegacia. Cengiz e Sule discutem com Zeynep e Sinan. Ali encontra Sinan em um bar e diz que j\u00e1 sabe que Cahide armou a farsa da morte de Turna\/Melek. No parque, Melek tenta conseguir dinheiro para comer. Ecel vai ao apartamento do filho e desconfia que Melek esteve ali com o irm\u00e3o.<\/p>\n<h2>Saiba mais<\/h2>\n<p><a href=\"https:\/\/tvnovelas.com.br\/novelas\/resumos-de-novela-mae\/\" target=\"_blank\" rel=\"noopener\">Resumos dos cap\u00edtulos da semana&lt;c\/a&gt;<br \/>\n<\/a><a href=\"https:\/\/wp.me\/pfspD2-VN\" target=\"_blank\" rel=\"noopener\">M\u00e3e: Resgatando uma crian\u00e7a da viol\u00eancia<\/a><a href=\"https:\/\/tvnovelas.com.br\/novelas\/resumos-de-novela-mae\/\" target=\"_blank\" rel=\"noopener\"><br \/>\n<div class=\"pt-cv-wrapper\"><h2 class='pt-cv-heading-container heading2' data-blockid='759454f593'><span class='pt-cv-heading'> \u00daltimas da Novela <\/span><\/h2><div class=\"pt-cv-view pt-cv-grid pt-cv-colsys\" id=\"pt-cv-view-759454f593\"><div data-id=\"pt-cv-page-1\" class=\"pt-cv-page\" data-cvc=\"1\"><div class=\"col-md-12 col-sm-12 col-xs-12 pt-cv-content-item pt-cv-1-col\" ><div class='pt-cv-ifield'><h4 class=\"pt-cv-title\"><a href=\"https:\/\/www.tvnovelas.com.br\/tvnews\/mae-o-destino-final-de-melek-e-zeynep\/\" class=\"_self\" target=\"_self\" >M\u00e3e: O destino final de Melek e Zeynep<\/a><\/h4><\/div><\/div>\n<div class=\"col-md-12 col-sm-12 col-xs-12 pt-cv-content-item pt-cv-1-col\" ><div class='pt-cv-ifield'><h4 class=\"pt-cv-title\"><a href=\"https:\/\/www.tvnovelas.com.br\/tvnews\/mae-zeynep-enfrenta-cengiz\/\" class=\"_self\" target=\"_self\" >M\u00e3e: Zeynep enfrenta Cengiz<\/a><\/h4><\/div><\/div>\n<div class=\"col-md-12 col-sm-12 col-xs-12 pt-cv-content-item pt-cv-1-col\" ><div class='pt-cv-ifield'><h4 class=\"pt-cv-title\"><a href=\"https:\/\/www.tvnovelas.com.br\/tvnews\/mae-cengiz-e-preso-sob-a-acusacao-de-assassinato\/\" class=\"_self\" target=\"_self\" >M\u00e3e: Cengiz \u00e9 preso sob a acusa\u00e7\u00e3o de assassinato<\/a><\/h4><\/div><\/div>\n<div class=\"col-md-12 col-sm-12 col-xs-12 pt-cv-content-item pt-cv-1-col\" ><div class='pt-cv-ifield'><h4 class=\"pt-cv-title\"><a href=\"https:\/\/www.tvnovelas.com.br\/tvnews\/mae-cengiz-assina-documento-renunciando-a-guarda-dos-filhos\/\" class=\"_self\" target=\"_self\" >M\u00e3e: Cengiz assina documento renunciando \u00e0 guarda dos filhos<\/a><\/h4><\/div><\/div>\n<div class=\"col-md-12 col-sm-12 col-xs-12 pt-cv-content-item pt-cv-1-col\" ><div class='pt-cv-ifield'><h4 class=\"pt-cv-title\"><a href=\"https:\/\/www.tvnovelas.com.br\/tvnews\/mae-cengiz-pode-estar-com-os-dias-contados\/\" class=\"_self\" target=\"_self\" >M\u00e3e: Cengiz pode estar com os dias contados<\/a><\/h4><\/div><\/div><\/div><\/div><\/div><\/a><\/p>\n<div style=\"font-size: 120%;\"><h3>Confira tamb\u00e9m<\/h3>\r\n<a href=\"https:\/\/tvnovelas.com.br\/novelas\/\" rel=\"noopener\" target=\"_blank\"><strong>Todos os resumos de novelas<\/strong><\/a><\/br>\r\n<a href=\"https:\/\/www.tvnovelas.com.br\/tvnews\/\" rel=\"noopener\" target=\"_blank\"><strong>\u00daltimas not\u00edcias das novelas<\/strong><\/a><\/br>\r\n<a href=\"https:\/\/www.tvnovelas.com.br\/filmes\/\" target=\"_blank\" rel=\"noopener noreferrer\"><strong>Programa\u00e7\u00e3o de filmes na TV aberta<\/strong><\/a><\/br>\r\n<a href=\"https:\/\/caetenews.com.br\/semana\/filmes-da-globo-na-sessao-da-tarde-desta-semana\/\" target=\"_blank\" rel=\"noopener\"><strong>Confira os filmes da semana na Sess\u00e3o da Tarde<\/strong><\/a><\/br>\r\n<a href=\"https:\/\/classindportal.mj.gov.br\/consulta-filmes\" target=\"_blank\" rel=\"noopener\"><strong>Consulte a classifica\u00e7\u00e3o indicativa dos filmes e novelas<\/strong><\/a><\/br><\/div>\n","protected":false},"excerpt":{"rendered":"<p>M\u00e3e: Melek tira o irm\u00e3o do abrigo&#8230; No cap\u00edtulo de M\u00e3e, desta quinta, dia 29, Melek sai de casa e vai ao abrigo ao encontro de Hasan. Ela implora&#8230;<\/p>\n","protected":false},"author":1,"featured_media":87550,"comment_status":"closed","ping_status":"closed","sticky":false,"template":"","format":"standard","meta":{"_uf_show_specific_survey":0,"_uf_disable_surveys":false,"_jetpack_memberships_contains_paid_content":false,"footnotes":"","_wp_rev_ctl_limit":""},"categories":[1012],"tags":[1013,64,14],"class_list":["post-87549","post","type-post","status-publish","format-standard","has-post-thumbnail","hentry","category-mae","tag-mae","tag-novelas","tag-record","wpcat-1012-id"],"aioseo_notices":[],"jetpack_featured_media_url":"https:\/\/i0.wp.com\/www.tvnovelas.com.br\/tvnews\/wp-content\/uploads\/2026\/01\/12687-1.jpg?fit=728%2C410&ssl=1","jetpack_shortlink":"https:\/\/wp.me\/pdP2BO-mM5","jetpack_sharing_enabled":true,"_links":{"self":[{"href":"https:\/\/www.tvnovelas.com.br\/tvnews\/wp-json\/wp\/v2\/posts\/87549","targetHints":{"allow":["GET"]}}],"collection":[{"href":"https:\/\/www.tvnovelas.com.br\/tvnews\/wp-json\/wp\/v2\/posts"}],"about":[{"href":"https:\/\/www.tvnovelas.com.br\/tvnews\/wp-json\/wp\/v2\/types\/post"}],"author":[{"embeddable":true,"href":"https:\/\/www.tvnovelas.com.br\/tvnews\/wp-json\/wp\/v2\/users\/1"}],"replies":[{"embeddable":true,"href":"https:\/\/www.tvnovelas.com.br\/tvnews\/wp-json\/wp\/v2\/comments?post=87549"}],"version-history":[{"count":1,"href":"https:\/\/www.tvnovelas.com.br\/tvnews\/wp-json\/wp\/v2\/posts\/87549\/revisions"}],"predecessor-version":[{"id":87551,"href":"https:\/\/www.tvnovelas.com.br\/tvnews\/wp-json\/wp\/v2\/posts\/87549\/revisions\/87551"}],"wp:featuredmedia":[{"embeddable":true,"href":"https:\/\/www.tvnovelas.com.br\/tvnews\/wp-json\/wp\/v2\/media\/87550"}],"wp:attachment":[{"href":"https:\/\/www.tvnovelas.com.br\/tvnews\/wp-json\/wp\/v2\/media?parent=87549"}],"wp:term":[{"taxonomy":"category","embeddable":true,"href":"https:\/\/www.tvnovelas.com.br\/tvnews\/wp-json\/wp\/v2\/categories?post=87549"},{"taxonomy":"post_tag","embeddable":true,"href":"https:\/\/www.tvnovelas.com.br\/tvnews\/wp-json\/wp\/v2\/tags?post=87549"}],"curies":[{"name":"wp","href":"https:\/\/api.w.org\/{rel}","templated":true}]}}