{"id":87562,"date":"2026-01-28T20:18:43","date_gmt":"2026-01-28T23:18:43","guid":{"rendered":"https:\/\/www.tvnovelas.com.br\/tvnews\/?p=87562"},"modified":"2026-01-29T09:25:14","modified_gmt":"2026-01-29T12:25:14","slug":"tres-gracas-zenilda-acaba-com-arminda-e-rompe-amizade","status":"publish","type":"post","link":"https:\/\/www.tvnovelas.com.br\/tvnews\/tres-gracas-zenilda-acaba-com-arminda-e-rompe-amizade\/","title":{"rendered":"Tr\u00eas Gra\u00e7as, Zenilda acaba com Arminda e rompe amizade"},"content":{"rendered":"<figure id=\"attachment_87563\" aria-describedby=\"caption-attachment-87563\" style=\"width: 728px\" class=\"wp-caption alignnone\"><img data-recalc-dims=\"1\" decoding=\"async\" class=\"wp-image-87563 size-full\" title=\"(Foto: TV Globo\/Tr\u00eas Gra\u00e7as)\" src=\"https:\/\/i0.wp.com\/www.tvnovelas.com.br\/tvnews\/wp-content\/uploads\/2026\/01\/12690-1.jpg?resize=728%2C410&#038;ssl=1\" alt=\"Foto em Tr\u00eas Gra\u00e7as, Zenilda acaba com Arminda e rompe amizade\" width=\"728\" height=\"410\" srcset=\"https:\/\/i0.wp.com\/www.tvnovelas.com.br\/tvnews\/wp-content\/uploads\/2026\/01\/12690-1.jpg?w=728&amp;ssl=1 728w, https:\/\/i0.wp.com\/www.tvnovelas.com.br\/tvnews\/wp-content\/uploads\/2026\/01\/12690-1.jpg?resize=250%2C141&amp;ssl=1 250w\" sizes=\"(max-width: 728px) 100vw, 728px\" \/><figcaption id=\"caption-attachment-87563\" class=\"wp-caption-text\">Tr\u00eas Gra\u00e7as, Zenilda acaba com Arminda e rompe amizade<\/figcaption><\/figure>\n<p>Em Tr\u00eas Gra\u00e7as, ningu\u00e9m segura mais Zenilda (Andr\u00e9ia Horta). Ela j\u00e1 anda bem desconfiada e investigando as arma\u00e7\u00f5es de Ferette (Murilo Ben\u00edcio), voltou a advogar, tomou partido dos filhos quando o marido se voltou contra eles por causa de seus relacionamentos e, agora, vai finalmente colocar Arminda (Grazi Massafera) em seu devido lugar.<\/p>\n<p>A vil\u00e3 decide fazer uma visita a Ferette, que ainda est\u00e1 hospitalizado, depois de passar mal no tenebroso jantar que organizou para Leonardo (Pedro Novaes) apresentar Viviane (Gabriela Loran) \u00e0 fam\u00edlia. Arminda chega toda afrontosa para cima da amiga:<\/p>\n<p>\u201cZenilda, n\u00e3o tente me impedir. Tenho direito de ver o meu s\u00f3cio!\u201d<\/p>\n<p>Zenilda n\u00e3o permite que Arminda entre no quarto de Ferette e tem o amparo de Leonardo e Lorena (Alanis Guillen), que est\u00e3o ali com a m\u00e3e. Era o que a bandida precisava para come\u00e7ar a encher os herdeiros de seu amante de desaforos. A advogada n\u00e3o permite que ela ofenda os seus filhos e reage:<\/p>\n<p>\u201cSe veio at\u00e9 aqui pra destratar os meus filhos, pode cair fora!\u201d<\/p>\n<p>Arminda, que n\u00e3o estava acostumada com este tipo de atitude por parte de Zenilda, ainda tenta reagir e chega a amea\u00e7ar partir para cima dela. Mas, meus amigos, estamos diante de uma nova mulher, e esta nova Zenilda n\u00e3o tolera mais as atitudes da falsa amiga. Ela diz boas verdade para a vil\u00e3, que at\u00e9 tenta, mas n\u00e3o consegue revidar \u00e0 altura.<\/p>\n<p>\u201cEu tenho \u00e9 pena de voc\u00ea\u201d, fala Zenilda.<\/p>\n<p>\u201cN\u00e3o precisa ter pena de mim, n\u00e3o.\u201d<\/p>\n<p>\u201cPrecisa, sabe por qu\u00ea? Voc\u00ea \u00e9 a pessoa mais frustrada, invejosa e infeliz que eu j\u00e1 conheci.\u201d<br \/>\nPor fim, ela simplesmente enxota Arminda do hospital, a manda ficar longe de sua fam\u00edlia e d\u00e1 por encerrada a amizade de anos. Arrasou, Z\u00ea!<\/p>\n<p>\u00c9 certo que Arminda n\u00e3o vai deixar esta humilha\u00e7\u00e3o barata.<br \/>\n<!--FIM--><br \/>\n<div class=\"pt-cv-wrapper\"><h2 class='pt-cv-heading-container heading2' data-blockid='aa8cb49py2'><span class='pt-cv-heading'> \u00daltimas da Novela <\/span><\/h2><div class=\"pt-cv-view pt-cv-grid pt-cv-colsys\" id=\"pt-cv-view-aa8cb49py2\"><div data-id=\"pt-cv-page-1\" class=\"pt-cv-page\" data-cvc=\"1\"><div class=\"col-md-12 col-sm-12 col-xs-12 pt-cv-content-item pt-cv-1-col\" ><div class='pt-cv-ifield'><h4 class=\"pt-cv-title\"><a href=\"https:\/\/www.tvnovelas.com.br\/tvnews\/tres-gracas-paulinho-e-afastado-da-policia-por-causa-de-gerluce\/\" class=\"_self\" target=\"_self\" >Tr\u00eas Gra\u00e7as: Paulinho \u00e9 afastado da pol\u00edcia por causa de Gerluce<\/a><\/h4><\/div><\/div>\n<div class=\"col-md-12 col-sm-12 col-xs-12 pt-cv-content-item pt-cv-1-col\" ><div class='pt-cv-ifield'><h4 class=\"pt-cv-title\"><a href=\"https:\/\/www.tvnovelas.com.br\/tvnews\/tres-gracas-arminda-surta-ao-confirmar-que-ferette-e-pai-de-raul\/\" class=\"_self\" target=\"_self\" >Tr\u00eas Gra\u00e7as:  Arminda surta ao confirmar que Ferette \u00e9 pai de Raul<\/a><\/h4><\/div><\/div>\n<div class=\"col-md-12 col-sm-12 col-xs-12 pt-cv-content-item pt-cv-1-col\" ><div class='pt-cv-ifield'><h4 class=\"pt-cv-title\"><a href=\"https:\/\/www.tvnovelas.com.br\/tvnews\/tres-gracas-joaquim-propoe-fuga-a-arminda-com-o-dinheiro-das-tres-gracas\/\" class=\"_self\" target=\"_self\" >Tr\u00eas Gra\u00e7as:  Joaquim prop\u00f5e fuga a Arminda com o dinheiro das Tr\u00eas Gra\u00e7as<\/a><\/h4><\/div><\/div><\/div><\/div><\/div><\/p>\n<h2>Saiba mais<\/h2>\n<p><a href=\"https:\/\/tvnovelas.com.br\/novelas\/resumos-de-tres-gracas\/\" target=\"_blank\" rel=\"noopener\">Tr\u00eas Gra\u00e7as: Resumos dos cap\u00edtulos da semana<\/a><br \/>\n<a href=\"https:\/\/tvnovelas.com.br\/page2\/arquivo\/tres-gracas-aluta-para-nao-perder-a-esperanca\/\" target=\"_blank\" rel=\"noopener\">&#8216;Tr\u00eas Gra\u00e7as\u2019, a luta para n\u00e3o perder a esperan\u00e7a<\/a> (Sinopse)<br \/>\n<a href=\"https:\/\/www.tvnovelas.com.br\/tvnews\/tres-gracas-as-tres-gracas-e-suas-adversidades\/\" target=\"_blank\" rel=\"noopener\">Tr\u00eas Gra\u00e7as: As tr\u00eas Gra\u00e7as e suas adversidades<\/a><\/p>\n<div style=\"font-size: 120%;\"><h3>Confira tamb\u00e9m<\/h3>\r\n<a href=\"https:\/\/tvnovelas.com.br\/novelas\/\" rel=\"noopener\" target=\"_blank\"><strong>Todos os resumos de novelas<\/strong><\/a><\/br>\r\n<a href=\"https:\/\/www.tvnovelas.com.br\/tvnews\/\" rel=\"noopener\" target=\"_blank\"><strong>\u00daltimas not\u00edcias das novelas<\/strong><\/a><\/br>\r\n<a href=\"https:\/\/www.tvnovelas.com.br\/filmes\/\" target=\"_blank\" rel=\"noopener noreferrer\"><strong>Programa\u00e7\u00e3o de filmes na TV aberta<\/strong><\/a><\/br>\r\n<a href=\"https:\/\/caetenews.com.br\/semana\/filmes-da-globo-na-sessao-da-tarde-desta-semana\/\" target=\"_blank\" rel=\"noopener\"><strong>Confira os filmes da semana na Sess\u00e3o da Tarde<\/strong><\/a><\/br>\r\n<a href=\"https:\/\/classindportal.mj.gov.br\/consulta-filmes\" target=\"_blank\" rel=\"noopener\"><strong>Consulte a classifica\u00e7\u00e3o indicativa dos filmes e novelas<\/strong><\/a><\/br><\/div>\n","protected":false},"excerpt":{"rendered":"<p>Tr\u00eas Gra\u00e7as, Zenilda acaba com Arminda e rompe amizade&#8230; Em Tr\u00eas Gra\u00e7as, ningu\u00e9m segura mais Zenilda (Andr\u00e9ia Horta). Ela j\u00e1 anda&#8230;<\/p>\n","protected":false},"author":1,"featured_media":87563,"comment_status":"closed","ping_status":"closed","sticky":false,"template":"","format":"standard","meta":{"_uf_show_specific_survey":0,"_uf_disable_surveys":false,"_jetpack_memberships_contains_paid_content":false,"footnotes":"","_wp_rev_ctl_limit":""},"categories":[1006],"tags":[5,64,1007],"class_list":["post-87562","post","type-post","status-publish","format-standard","has-post-thumbnail","hentry","category-tres-gracas","tag-globo","tag-novelas","tag-tres-gracas","wpcat-1006-id"],"aioseo_notices":[],"jetpack_featured_media_url":"https:\/\/i0.wp.com\/www.tvnovelas.com.br\/tvnews\/wp-content\/uploads\/2026\/01\/12690-1.jpg?fit=728%2C410&ssl=1","jetpack_shortlink":"https:\/\/wp.me\/pdP2BO-mMi","jetpack_sharing_enabled":true,"_links":{"self":[{"href":"https:\/\/www.tvnovelas.com.br\/tvnews\/wp-json\/wp\/v2\/posts\/87562","targetHints":{"allow":["GET"]}}],"collection":[{"href":"https:\/\/www.tvnovelas.com.br\/tvnews\/wp-json\/wp\/v2\/posts"}],"about":[{"href":"https:\/\/www.tvnovelas.com.br\/tvnews\/wp-json\/wp\/v2\/types\/post"}],"author":[{"embeddable":true,"href":"https:\/\/www.tvnovelas.com.br\/tvnews\/wp-json\/wp\/v2\/users\/1"}],"replies":[{"embeddable":true,"href":"https:\/\/www.tvnovelas.com.br\/tvnews\/wp-json\/wp\/v2\/comments?post=87562"}],"version-history":[{"count":2,"href":"https:\/\/www.tvnovelas.com.br\/tvnews\/wp-json\/wp\/v2\/posts\/87562\/revisions"}],"predecessor-version":[{"id":87571,"href":"https:\/\/www.tvnovelas.com.br\/tvnews\/wp-json\/wp\/v2\/posts\/87562\/revisions\/87571"}],"wp:featuredmedia":[{"embeddable":true,"href":"https:\/\/www.tvnovelas.com.br\/tvnews\/wp-json\/wp\/v2\/media\/87563"}],"wp:attachment":[{"href":"https:\/\/www.tvnovelas.com.br\/tvnews\/wp-json\/wp\/v2\/media?parent=87562"}],"wp:term":[{"taxonomy":"category","embeddable":true,"href":"https:\/\/www.tvnovelas.com.br\/tvnews\/wp-json\/wp\/v2\/categories?post=87562"},{"taxonomy":"post_tag","embeddable":true,"href":"https:\/\/www.tvnovelas.com.br\/tvnews\/wp-json\/wp\/v2\/tags?post=87562"}],"curies":[{"name":"wp","href":"https:\/\/api.w.org\/{rel}","templated":true}]}}