{"id":88694,"date":"2026-03-06T08:47:18","date_gmt":"2026-03-06T11:47:18","guid":{"rendered":"https:\/\/www.tvnovelas.com.br\/tvnews\/?p=88694"},"modified":"2026-03-06T08:47:18","modified_gmt":"2026-03-06T11:47:18","slug":"eta-mundo-melhor-estela-humilha-ernesto-na-prisao","status":"publish","type":"post","link":"https:\/\/www.tvnovelas.com.br\/tvnews\/eta-mundo-melhor-estela-humilha-ernesto-na-prisao\/","title":{"rendered":"\u00cata Mundo Melhor!: Estela humilha Ernesto na pris\u00e3o"},"content":{"rendered":"<p><figure id=\"attachment_88695\" aria-describedby=\"caption-attachment-88695\" style=\"width: 728px\" class=\"wp-caption alignnone\"><img data-recalc-dims=\"1\" decoding=\"async\" src=\"https:\/\/i0.wp.com\/www.tvnovelas.com.br\/tvnews\/wp-content\/uploads\/2026\/03\/12926.jpg?resize=728%2C410&#038;ssl=1\" alt=\"Foto em \u00cata Mundo Melhor!: Estela humilha Ernesto na pris\u00e3o\" width=\"728\" height=\"410\" class=\"size-full wp-image-88695\" srcset=\"https:\/\/i0.wp.com\/www.tvnovelas.com.br\/tvnews\/wp-content\/uploads\/2026\/03\/12926.jpg?w=728&amp;ssl=1 728w, https:\/\/i0.wp.com\/www.tvnovelas.com.br\/tvnews\/wp-content\/uploads\/2026\/03\/12926.jpg?resize=250%2C141&amp;ssl=1 250w\" sizes=\"(max-width: 728px) 100vw, 728px\" \/><figcaption id=\"caption-attachment-88695\" class=\"wp-caption-text\">\u00cata Mundo Melhor!: Estela humilha Ernesto na pris\u00e3o<\/figcaption><\/figure><br \/>\n(Foto: TV Globo\/\u00cata Mundo Melhor!)<br \/>\nEm \u00cata Mundo Melhor!, depois de tentar sequestrar Anabela (Isabelly Carvalho) e desistir ao descobrir que a menina \u00e9 sua filha, Ernesto (Eriberto Le\u00e3o) \u00e9 preso. J\u00e1 na cadeia, ele recebe a visita de Estela (Larissa Manoela).<\/p>\n<p>&#8220;N\u00e3o sabe quanto tempo esperei para ver voc\u00ea novamente a\u00ed, atr\u00e1s das grades. S\u00f3 que, desta vez, voc\u00ea n\u00e3o vai se safar t\u00e3o f\u00e1cil. Voc\u00ea vai pagar caro pelos crimes que cometeu&#8221;, dispara a enfermeira.<\/p>\n<p>Ernesto diz estar disposto a pagar pelos seus crimes, mas Estela n\u00e3o acredita: &#8220;N\u00e3o me venha com essa. Quase sequestrou Anabela para que eu retirasse a queixa, seu monstro&#8221;.<\/p>\n<p>&#8220;Voc\u00ea tem toda a raz\u00e3o de me odiar. Ainda assim, quero pedir um favor. Preciso falar com a minha filha&#8221;, pede Ernesto, mas a enfermeira n\u00e3o aceita: &#8220;Voc\u00ea nunca vai falar com Anabela. Nunca!&#8221;. Ele retruca dizendo ter o direito de ver a filha.<\/p>\n<p>&#8220;N\u00e3o chame Anabela de filha! Eu s\u00f3 revelei a verdade porque estava desesperada. Voc\u00ea estava amea\u00e7ando a vida dela&#8221;, rebate Estela.<\/p>\n<p>&#8220;Eu nunca faria mal \u00e0 ela. Estela, eu lhe imploro: me d\u00ea a chance de conhecer a menina&#8221;, suplica Ernesto.<\/p>\n<p>Estela conta que Anabela estava sem aparelho auditivo no momento da revela\u00e7\u00e3o sobre a paternidade e pede para que ele n\u00e3o conte nada a ela. Ernesto se recusa e diz que quer contar a verdade para a menina. A enfermeira, ent\u00e3o, dispara:<\/p>\n<p>&#8220;Por que voc\u00ea n\u00e3o morre e vai para o inferno!&#8221;<br \/>\n<!--FIM--><br \/>\n<a href=\"https:\/\/tvnovelas.com.br\/novelas\/resumos-de-eta-mundo-melhor\/\" rel=\"noopener\" target=\"_blank\">Resumos dos cap\u00edtulos de \u00cata Mundo Melhor!<\/a><br \/>\n<div class=\"pt-cv-wrapper\"><h2 class='pt-cv-heading-container heading2' data-blockid='ae5b5529ra'><span class='pt-cv-heading'> \u00daltimas da novela <\/span><\/h2><div class=\"pt-cv-view pt-cv-grid pt-cv-colsys\" id=\"pt-cv-view-ae5b5529ra\"><div data-id=\"pt-cv-page-1\" class=\"pt-cv-page\" data-cvc=\"1\"><div class=\"col-md-12 col-sm-12 col-xs-12 pt-cv-content-item pt-cv-1-col\" ><div class='pt-cv-ifield'><h4 class=\"pt-cv-title\"><a href=\"https:\/\/www.tvnovelas.com.br\/tvnews\/eta-mundo-melhor-sandra-avisa-que-nao-vai-desistir-da-vinganca\/\" class=\"_blank\" target=\"_blank\" >\u00cata Mundo Melhor!: Sandra avisa que n\u00e3o vai desistir da vingan\u00e7a<\/a><\/h4><\/div><\/div>\n<div class=\"col-md-12 col-sm-12 col-xs-12 pt-cv-content-item pt-cv-1-col\" ><div class='pt-cv-ifield'><h4 class=\"pt-cv-title\"><a href=\"https:\/\/www.tvnovelas.com.br\/tvnews\/eta-mundo-melhor-celso-conta-a-candinho-o-que-sempre-escondeu-sobre-samir\/\" class=\"_blank\" target=\"_blank\" >\u00cata Mundo Melhor!: Celso conta a Candinho o que sempre escondeu sobre Samir<\/a><\/h4><\/div><\/div>\n<div class=\"col-md-12 col-sm-12 col-xs-12 pt-cv-content-item pt-cv-1-col\" ><div class='pt-cv-ifield'><h4 class=\"pt-cv-title\"><a href=\"https:\/\/www.tvnovelas.com.br\/tvnews\/eta-mundo-melhor-lourival-pede-uma-chance-a-dita-e-eles-se-beijam\/\" class=\"_blank\" target=\"_blank\" >\u00cata Mundo Melhor!: Lourival pede uma chance a Dita e eles se beijam<\/a><\/h4><\/div><\/div><\/div><\/div><\/div><br \/>\n<h\n\n<div style=\"font-size: 120%;\">\n<h3>Confira tamb\u00e9m<\/h3>\r\n<a href=\"https:\/\/tvnovelas.com.br\/novelas\/\" rel=\"noopener\" target=\"_blank\"><strong>Todos os resumos de novelas<\/strong><\/a><\/br>\r\n<a href=\"https:\/\/www.tvnovelas.com.br\/tvnews\/\" rel=\"noopener\" target=\"_blank\"><strong>\u00daltimas not\u00edcias das novelas<\/strong><\/a><\/br>\r\n<a href=\"https:\/\/www.tvnovelas.com.br\/filmes\/\" target=\"_blank\" rel=\"noopener noreferrer\"><strong>Programa\u00e7\u00e3o de filmes na TV aberta<\/strong><\/a><\/br>\r\n<a href=\"https:\/\/caetenews.com.br\/semana\/filmes-da-globo-na-sessao-da-tarde-desta-semana\/\" target=\"_blank\" rel=\"noopener\"><strong>Confira os filmes da semana na Sess\u00e3o da Tarde<\/strong><\/a><\/br>\r\n<a href=\"https:\/\/classindportal.mj.gov.br\/consulta-filmes\" target=\"_blank\" rel=\"noopener\"><strong>Consulte a classifica\u00e7\u00e3o indicativa dos filmes e novelas<\/strong><\/a><\/br><\/div>\n<h2>Sobre a novela:<\/h2>\n<p><a href=https:\/\/tvnovelas.com.br\/page2\/arquivo\/eta-mundo-melhor-a-volta-de-candinho-e-policarpo\/\" target=\"_blank\" rel=\"noopener\">\u00cata Mundo Melhor!: A volta de Candinho e Policarpo<\/a> (Sinopse)<br \/>\n<a href=\"https:\/\/pt.wikipedia.org\/wiki\/%C3%8Ata_Mundo_Melhor!\" target=\"_blank\" rel=\"noopener\">Sobre \u00cata Mundo Melhor!, na Wikipedia<\/a><\/p>\n","protected":false},"excerpt":{"rendered":"<p>\u00cata Mundo Melhor!: Estela humilha Ernesto na pris\u00e3o&#8230; Depois de tentar sequestrar Anabela e desistir ao descobrir que a menina \u00e9 sua filha, Ernesto \u00e9 preso&#8230;<\/p>\n","protected":false},"author":1,"featured_media":88695,"comment_status":"closed","ping_status":"closed","sticky":false,"template":"","format":"standard","meta":{"_uf_show_specific_survey":0,"_uf_disable_surveys":false,"_jetpack_memberships_contains_paid_content":false,"footnotes":"","_wp_rev_ctl_limit":""},"categories":[920],"tags":[921,5,64],"class_list":["post-88694","post","type-post","status-publish","format-standard","has-post-thumbnail","hentry","category-eta-mundo-melhor","tag-eta-mundo-melhor","tag-globo","tag-novelas","wpcat-920-id"],"aioseo_notices":[],"jetpack_featured_media_url":"https:\/\/i0.wp.com\/www.tvnovelas.com.br\/tvnews\/wp-content\/uploads\/2026\/03\/12926.jpg?fit=728%2C410&ssl=1","jetpack_shortlink":"https:\/\/wp.me\/pdP2BO-n4y","jetpack_sharing_enabled":true,"_links":{"self":[{"href":"https:\/\/www.tvnovelas.com.br\/tvnews\/wp-json\/wp\/v2\/posts\/88694","targetHints":{"allow":["GET"]}}],"collection":[{"href":"https:\/\/www.tvnovelas.com.br\/tvnews\/wp-json\/wp\/v2\/posts"}],"about":[{"href":"https:\/\/www.tvnovelas.com.br\/tvnews\/wp-json\/wp\/v2\/types\/post"}],"author":[{"embeddable":true,"href":"https:\/\/www.tvnovelas.com.br\/tvnews\/wp-json\/wp\/v2\/users\/1"}],"replies":[{"embeddable":true,"href":"https:\/\/www.tvnovelas.com.br\/tvnews\/wp-json\/wp\/v2\/comments?post=88694"}],"version-history":[{"count":1,"href":"https:\/\/www.tvnovelas.com.br\/tvnews\/wp-json\/wp\/v2\/posts\/88694\/revisions"}],"predecessor-version":[{"id":88696,"href":"https:\/\/www.tvnovelas.com.br\/tvnews\/wp-json\/wp\/v2\/posts\/88694\/revisions\/88696"}],"wp:featuredmedia":[{"embeddable":true,"href":"https:\/\/www.tvnovelas.com.br\/tvnews\/wp-json\/wp\/v2\/media\/88695"}],"wp:attachment":[{"href":"https:\/\/www.tvnovelas.com.br\/tvnews\/wp-json\/wp\/v2\/media?parent=88694"}],"wp:term":[{"taxonomy":"category","embeddable":true,"href":"https:\/\/www.tvnovelas.com.br\/tvnews\/wp-json\/wp\/v2\/categories?post=88694"},{"taxonomy":"post_tag","embeddable":true,"href":"https:\/\/www.tvnovelas.com.br\/tvnews\/wp-json\/wp\/v2\/tags?post=88694"}],"curies":[{"name":"wp","href":"https:\/\/api.w.org\/{rel}","templated":true}]}}