{"id":88719,"date":"2026-03-06T12:40:28","date_gmt":"2026-03-06T15:40:28","guid":{"rendered":"https:\/\/www.tvnovelas.com.br\/tvnews\/?p=88719"},"modified":"2026-03-06T12:40:28","modified_gmt":"2026-03-06T15:40:28","slug":"o-que-acontece-em-tres-gracas-na-semana-9-a-14-3","status":"publish","type":"post","link":"https:\/\/www.tvnovelas.com.br\/tvnews\/o-que-acontece-em-tres-gracas-na-semana-9-a-14-3\/","title":{"rendered":"O que acontece em Tr\u00eas Gra\u00e7as na semana 9 a 14\/3"},"content":{"rendered":"<div style=\"background-color: #f6f09f; border-style: solid; border-width: 0px 0px 10px 0px; solid green; border-radius: 30px; padding: 10px; font-size: 125%; text-align: justify;\">\n<p><figure id=\"attachment_88720\" aria-describedby=\"caption-attachment-88720\" style=\"width: 728px\" class=\"wp-caption aligncenter\"><img data-recalc-dims=\"1\" decoding=\"async\" class=\"wp-image-88720 size-full\" title=\"(Foto: TV Globo\/Tr\u00eas Gra\u00e7as)\" src=\"https:\/\/i0.wp.com\/www.tvnovelas.com.br\/tvnews\/wp-content\/uploads\/2026\/03\/12929.jpg?resize=728%2C410&#038;ssl=1\" alt=\"Foto em O que acontece em Tr\u00eas Gra\u00e7as na semana 9 a 14\/3\" width=\"728\" height=\"410\" srcset=\"https:\/\/i0.wp.com\/www.tvnovelas.com.br\/tvnews\/wp-content\/uploads\/2026\/03\/12929.jpg?w=728&amp;ssl=1 728w, https:\/\/i0.wp.com\/www.tvnovelas.com.br\/tvnews\/wp-content\/uploads\/2026\/03\/12929.jpg?resize=250%2C141&amp;ssl=1 250w\" sizes=\"(max-width: 728px) 100vw, 728px\" \/><figcaption id=\"caption-attachment-88720\" class=\"wp-caption-text\">O que acontece em Tr\u00eas Gra\u00e7as na semana 9 a 14\/3<\/figcaption><\/figure><br \/>\n<strong style=\"color: #da4848; font-size: 120%;\">Nos pr\u00f3ximos cap\u00edtulos de Tr\u00eas Gra\u00e7as, <\/strong><span style=\"color: #da4848; font-size: 120%;\">Paulinho indaga Ferette sobre a Casa de Farinha; Gerluce revela a Zenilda que foi ela quem planejou o roubo das Tr\u00eas Gra\u00e7as; A delegada Marisa prende Viviane em flagrante e Leonardo acusa Ferette de ter armado a pris\u00e3o dela; Viviane n\u00e3o gosta da presen\u00e7a de Leonardo na delegacia, e culpa o ex-namorado por sua pris\u00e3o; Zenilda sente orgulho de Leonardo quando o filho se disp\u00f5e a ajudar o grupo de Rog\u00e9rio a acabar com Ferette; Arminda dopa Joaquim, vasculha o ferro-velho e acaba se deparando com As Tr\u00eas Gra\u00e7as&#8230;<\/span><\/div>\n<h2 style=\"color: #da4848;\">Resumo de segunda-feira, 09 de mar\u00e7o<\/h2>\n<p>Arminda disfar\u00e7a quando Paulinho lhe pergunta sobre a Casa de Farinha. Kasper revela a St\u00e9phane que existe uma maldi\u00e7\u00e3o acerca da escultura das Tr\u00eas Gra\u00e7as. Bagd\u00e1 n\u00e3o conta a Luc\u00e9lia sobre seu acordo com Kasper. Jairo pergunta a Arminda qual seria o interesse de Rog\u00e9rio em roubar uma escultura que j\u00e1 era dele. Leonardo flagra Viviane no bar com Ang\u00e9lico. Paulinho decide convocar Ferette para depor sobre a den\u00fancia de Arminda. Gerluce avisa a Paulinho que ir\u00e1 depor na delegacia sobre o que sabe da fabrica\u00e7\u00e3o de rem\u00e9dios falsos. Ferette fica irritado ao saber que Lorena virou gar\u00e7onete de um bar. Paulinho indaga Ferette sobre a Casa de Farinha.<\/p>\n<h2 style=\"color: #da4848;\">Resumo de ter\u00e7a-feira, 10 de mar\u00e7o<\/h2>\n<p>Paulinho, Juquinha e Jairo tentam driblar o cinismo de Ferette. Gerluce revela a Zenilda que foi ela quem planejou o roubo das Tr\u00eas Gra\u00e7as. J\u00fanior desconfia de que Kasper e Bagd\u00e1 possam estar mancomunados. Bagd\u00e1 expulsa Luc\u00e9lia de sua casa. Vand\u00edlson se coloca \u00e0 disposi\u00e7\u00e3o de Luc\u00e9lia. Paulinho entrega uma intima\u00e7\u00e3o a Gerluce para depor sobre o sumi\u00e7o das Tr\u00eas Gra\u00e7as. J\u00fanior pergunta a Kasper se ele mandou Bagd\u00e1 no ferro-velho atr\u00e1s das Tr\u00eas Gra\u00e7as. Gerluce chega \u00e0 delegacia para depor.<\/p>\n<h2 style=\"color: #da4848;\">Resumo de quarta-feira, 11 de mar\u00e7o<\/h2>\n<p>Zenilda tenta conter Gerluce durante seu depoimento. Ferette comunica a Luciano que ele assumir\u00e1 a farm\u00e1cia da Chacrinha no lugar de Viviane. A delegada Marisa prende Viviane em flagrante. Leonardo acusa Ferette de ter armado a pris\u00e3o de Viviane e se declara como inimigo do pai. Zenilda decide impetrar um habeas corpus para Viviane. Josefa avisa a Gerluce e a Rog\u00e9rio que foi convocada a depor sobre o caso das Tr\u00eas Gra\u00e7as. J\u00fanior avisa a Joaquim e Misael que acha que foi Kasper quem mandou Bagd\u00e1 ao ferro-velho. Viviane n\u00e3o gosta da presen\u00e7a de Leonardo na delegacia, e culpa o ex-namorado por sua pris\u00e3o.<\/p>\n<h2 style=\"color: #da4848;\">Resumo de quinta-feira, 12 de mar\u00e7o<\/h2>\n<p>Leonardo e Ang\u00e9lico discutem, e Viviane recebe o apoio de Zenilda. L\u00edgia reage ao saber por Kellen da pris\u00e3o de Viviane. Joaquim sugere que J\u00fanior passe um tempo na galeria com Maggye para poder vigiar Kasper. Ao ver a bala de rev\u00f3lver que atingiu Bagd\u00e1, Kasper intriga o bandido quando afirma que o tiro que levou parece ter sa\u00eddo da arma de um civil. Vand\u00edlson avisa a Luc\u00e9lia que Kasper est\u00e1 com Bagd\u00e1. Paulinho questiona Gerluce se ela n\u00e3o sabia que Consuelo estava comprando rem\u00e9dios com as receitas fornecidas por Viviane.<\/p>\n<h2 style=\"color: #da4848;\">Resumo de sexta-feira, 13 de mar\u00e7o<\/h2>\n<p>Gerluce despista Paulinho. Arminda marca encontro com Joaquim no ferro-velho. Zenilda sente orgulho de Leonardo quando o filho se disp\u00f5e a ajudar o grupo de Rog\u00e9rio a acabar com Ferette. Arminda coloca Ferette para dormir com um son\u00edfero dado por Helga. J\u00fanior aceita passar alguns dias na casa de Maggye. Kasper fica assustado quando \u00e9 convocado por Juquinha a depor sobre o roubo das Tr\u00eas Gra\u00e7as. Luc\u00e9lia pede uma arma para Vand\u00edlson. Misael e Gilmar se enfrentam, quando o primeiro flagra o motorista na casa de J\u00fanior com Consuelo. Arminda coloca son\u00edfero na bebida de Joaquim, vasculha o ferro-velho e acaba se deparando com As Tr\u00eas Gra\u00e7as.<\/p>\n<h2 style=\"color: #da4848;\">Resumo de s\u00e1bado, 14 de mar\u00e7o<\/h2>\n<p>Arminda deixa o ferro-velho prometendo voltar. Jo\u00e3o Rubens demonstra cada vez mais estranheza com o comportamento de Kasper. Joaquim percebe que foi dopado por Arminda ao constatar que as Tr\u00eas Gra\u00e7as sumiram. Gerluce tranquiliza Viviane. Os policiais notam diferen\u00e7as nos depoimentos de Kasper e Jo\u00e3o Rubens. Juquinha encontra um fio de cabelo grisalho na m\u00e1scara de Kasper. Josefa finge falta de mem\u00f3ria em seu depoimento. Bagd\u00e1 fica maravilhado ao ver o cartaz de sua exposi\u00e7\u00e3o. Josefa confronta Arminda.<br \/>\n<!--FIM--><br \/>\n<div class=\"pt-cv-wrapper\"><h2 class='pt-cv-heading-container heading2' data-blockid='aa8cb49py2'><span class='pt-cv-heading'> \u00daltimas da Novela <\/span><\/h2><div class=\"pt-cv-view pt-cv-grid pt-cv-colsys\" id=\"pt-cv-view-aa8cb49py2\"><div data-id=\"pt-cv-page-1\" class=\"pt-cv-page\" data-cvc=\"1\"><div class=\"col-md-12 col-sm-12 col-xs-12 pt-cv-content-item pt-cv-1-col\" ><div class='pt-cv-ifield'><h4 class=\"pt-cv-title\"><a href=\"https:\/\/www.tvnovelas.com.br\/tvnews\/tres-gracas-joaquim-propoe-fuga-a-arminda-com-o-dinheiro-das-tres-gracas\/\" class=\"_self\" target=\"_self\" >Tr\u00eas Gra\u00e7as:  Joaquim prop\u00f5e fuga a Arminda com o dinheiro das Tr\u00eas Gra\u00e7as<\/a><\/h4><\/div><\/div>\n<div class=\"col-md-12 col-sm-12 col-xs-12 pt-cv-content-item pt-cv-1-col\" ><div class='pt-cv-ifield'><h4 class=\"pt-cv-title\"><a href=\"https:\/\/www.tvnovelas.com.br\/tvnews\/tres-gracas-bagda-e-preso-por-juquinha\/\" class=\"_self\" target=\"_self\" >Tr\u00eas Gra\u00e7as:  Bagd\u00e1 \u00e9 preso por Juquinha<\/a><\/h4><\/div><\/div>\n<div class=\"col-md-12 col-sm-12 col-xs-12 pt-cv-content-item pt-cv-1-col\" ><div class='pt-cv-ifield'><h4 class=\"pt-cv-title\"><a href=\"https:\/\/www.tvnovelas.com.br\/tvnews\/os-resumos-de-tres-gracas-da-semana-27-4-a-02-de-maio\/\" class=\"_self\" target=\"_self\" >Os resumos de Tr\u00eas Gra\u00e7as da semana 27\/4 a 02 de maio<\/a><\/h4><\/div><\/div><\/div><\/div><\/div><\/p>\n<h2>Saiba mais<\/h2>\n<p><a href=\"https:\/\/tvnovelas.com.br\/novelas\/resumos-de-tres-gracas\/\" target=\"_blank\" rel=\"noopener\">Tr\u00eas Gra\u00e7as: Resumos dos cap\u00edtulos da semana<\/a><br \/>\n<a href=\"https:\/\/tvnovelas.com.br\/page2\/arquivo\/tres-gracas-aluta-para-nao-perder-a-esperanca\/\" target=\"_blank\" rel=\"noopener\">&#8216;Tr\u00eas Gra\u00e7as\u2019, a luta para n\u00e3o perder a esperan\u00e7a<\/a> (Sinopse)<br \/>\n<a href=\"https:\/\/www.tvnovelas.com.br\/tvnews\/tres-gracas-as-tres-gracas-e-suas-adversidades\/\" target=\"_blank\" rel=\"noopener\">Tr\u00eas Gra\u00e7as: As tr\u00eas Gra\u00e7as e suas adversidades<\/a><\/p>\n<div style=\"font-size: 120%;\"><h3>Confira tamb\u00e9m<\/h3>\r\n<a href=\"https:\/\/tvnovelas.com.br\/novelas\/\" rel=\"noopener\" target=\"_blank\"><strong>Todos os resumos de novelas<\/strong><\/a><\/br>\r\n<a href=\"https:\/\/www.tvnovelas.com.br\/tvnews\/\" rel=\"noopener\" target=\"_blank\"><strong>\u00daltimas not\u00edcias das novelas<\/strong><\/a><\/br>\r\n<a href=\"https:\/\/www.tvnovelas.com.br\/filmes\/\" target=\"_blank\" rel=\"noopener noreferrer\"><strong>Programa\u00e7\u00e3o de filmes na TV aberta<\/strong><\/a><\/br>\r\n<a href=\"https:\/\/caetenews.com.br\/semana\/filmes-da-globo-na-sessao-da-tarde-desta-semana\/\" target=\"_blank\" rel=\"noopener\"><strong>Confira os filmes da semana na Sess\u00e3o da Tarde<\/strong><\/a><\/br>\r\n<a href=\"https:\/\/classindportal.mj.gov.br\/consulta-filmes\" target=\"_blank\" rel=\"noopener\"><strong>Consulte a classifica\u00e7\u00e3o indicativa dos filmes e novelas<\/strong><\/a><\/br><\/div>\n","protected":false},"excerpt":{"rendered":"<p>O que acontece em Tr\u00eas Gra\u00e7as na semana 9 a 14\/3&#8230; Nos pr\u00f3ximos cap\u00edtulos de \ud835\udc13\ud835\udc2b\u00ea\ud835\udc2c \ud835\udc06\ud835\udc2b\ud835\udc1a\u00e7\ud835\udc1a\ud835\udc2c, Paulinho indaga Ferette sobre a Casa de Farinha; Gerluce revela a Zenilda&#8230;<\/p>\n","protected":false},"author":1,"featured_media":88720,"comment_status":"closed","ping_status":"closed","sticky":false,"template":"","format":"standard","meta":{"_uf_show_specific_survey":0,"_uf_disable_surveys":false,"_jetpack_memberships_contains_paid_content":false,"footnotes":"","_wp_rev_ctl_limit":""},"categories":[1006],"tags":[5,64,1007],"class_list":["post-88719","post","type-post","status-publish","format-standard","has-post-thumbnail","hentry","category-tres-gracas","tag-globo","tag-novelas","tag-tres-gracas","wpcat-1006-id"],"aioseo_notices":[],"jetpack_featured_media_url":"https:\/\/i0.wp.com\/www.tvnovelas.com.br\/tvnews\/wp-content\/uploads\/2026\/03\/12929.jpg?fit=728%2C410&ssl=1","jetpack_shortlink":"https:\/\/wp.me\/pdP2BO-n4X","jetpack_sharing_enabled":true,"_links":{"self":[{"href":"https:\/\/www.tvnovelas.com.br\/tvnews\/wp-json\/wp\/v2\/posts\/88719","targetHints":{"allow":["GET"]}}],"collection":[{"href":"https:\/\/www.tvnovelas.com.br\/tvnews\/wp-json\/wp\/v2\/posts"}],"about":[{"href":"https:\/\/www.tvnovelas.com.br\/tvnews\/wp-json\/wp\/v2\/types\/post"}],"author":[{"embeddable":true,"href":"https:\/\/www.tvnovelas.com.br\/tvnews\/wp-json\/wp\/v2\/users\/1"}],"replies":[{"embeddable":true,"href":"https:\/\/www.tvnovelas.com.br\/tvnews\/wp-json\/wp\/v2\/comments?post=88719"}],"version-history":[{"count":1,"href":"https:\/\/www.tvnovelas.com.br\/tvnews\/wp-json\/wp\/v2\/posts\/88719\/revisions"}],"predecessor-version":[{"id":88721,"href":"https:\/\/www.tvnovelas.com.br\/tvnews\/wp-json\/wp\/v2\/posts\/88719\/revisions\/88721"}],"wp:featuredmedia":[{"embeddable":true,"href":"https:\/\/www.tvnovelas.com.br\/tvnews\/wp-json\/wp\/v2\/media\/88720"}],"wp:attachment":[{"href":"https:\/\/www.tvnovelas.com.br\/tvnews\/wp-json\/wp\/v2\/media?parent=88719"}],"wp:term":[{"taxonomy":"category","embeddable":true,"href":"https:\/\/www.tvnovelas.com.br\/tvnews\/wp-json\/wp\/v2\/categories?post=88719"},{"taxonomy":"post_tag","embeddable":true,"href":"https:\/\/www.tvnovelas.com.br\/tvnews\/wp-json\/wp\/v2\/tags?post=88719"}],"curies":[{"name":"wp","href":"https:\/\/api.w.org\/{rel}","templated":true}]}}