{"id":88723,"date":"2026-03-06T13:01:33","date_gmt":"2026-03-06T16:01:33","guid":{"rendered":"https:\/\/www.tvnovelas.com.br\/tvnews\/?p=88723"},"modified":"2026-03-06T13:01:33","modified_gmt":"2026-03-06T16:01:33","slug":"coracao-de-mae-karsu-acumula-desafios-financeiros","status":"publish","type":"post","link":"https:\/\/www.tvnovelas.com.br\/tvnews\/coracao-de-mae-karsu-acumula-desafios-financeiros\/","title":{"rendered":"Cora\u00e7\u00e3o de M\u00e3e: Karsu acumula desafios financeiros"},"content":{"rendered":"<figure id=\"attachment_88724\" aria-describedby=\"caption-attachment-88724\" style=\"width: 728px\" class=\"wp-caption alignnone\"><img data-recalc-dims=\"1\" decoding=\"async\" class=\"wp-image-88724 size-full\" title=\"(Foto: Record TV\/Cora\u00e7\u00e3o de M\u00e3e )\" src=\"https:\/\/i0.wp.com\/www.tvnovelas.com.br\/tvnews\/wp-content\/uploads\/2026\/03\/12930.jpg?resize=728%2C408&#038;ssl=1\" alt=\"Foto em Cora\u00e7\u00e3o de M\u00e3e: Karsu acumula desafios financeiros\" width=\"728\" height=\"408\" srcset=\"https:\/\/i0.wp.com\/www.tvnovelas.com.br\/tvnews\/wp-content\/uploads\/2026\/03\/12930.jpg?w=728&amp;ssl=1 728w, https:\/\/i0.wp.com\/www.tvnovelas.com.br\/tvnews\/wp-content\/uploads\/2026\/03\/12930.jpg?resize=250%2C140&amp;ssl=1 250w\" sizes=\"(max-width: 728px) 100vw, 728px\" \/><figcaption id=\"caption-attachment-88724\" class=\"wp-caption-text\">Cora\u00e7\u00e3o de M\u00e3e: Karsu acumula desafios financeiros<\/figcaption><\/figure>\n<p>O cap\u00edtulo de Cora\u00e7\u00e3o de M\u00e3e desta sexta, dia 6, mostra a for\u00e7a de Karsu, que decide matricular sozinha os filhos na escola, j\u00e1 que n\u00e3o pode contar com o apoio de Reha. Ela encara a nova realidade financeira de frente, mas o choque vem logo em seguida, com a not\u00edcia de que Reha foi brutalmente agredido e est\u00e1 no hospital. Sem suspeitar que o gentil Atilla \u00e9 o respons\u00e1vel pelo crime, ela desabafa com o pr\u00f3prio vizinho, que finge indigna\u00e7\u00e3o com a viol\u00eancia.<\/p>\n<p>A confus\u00e3o na vida de Karsu aumenta quando Filiz se submete a um procedimento est\u00e9tico duvidoso e acaba sofrendo uma rea\u00e7\u00e3o al\u00e9rgica grave. Karsu corre com a m\u00e3e para o hospital e, apesar do susto, nada mais grave \u00e9 constatado ap\u00f3s uma bateria de exames. Mas, com a situa\u00e7\u00e3o financeira complicada, m\u00e3e e filha se desesperam ao verem o valor da conta hospitalar.<\/p>\n<p>Enquanto isso, do outro lado da cidade, Reha demonstra toda sua futilidade e o desprezo pela situa\u00e7\u00e3o da ex-mulher e aproveita o tempo livre, e o dinheiro que tem, para renovar o guarda-roupa de luxo.<\/p>\n<p>Tamb\u00e9m no cap\u00edtulo, Deniz finalmente reencontra Ozan e, emocionado, o pescador revela ao &#8220;filho&#8221; que planeja se mudar para Istambul para ficar mais pr\u00f3ximo dele.<\/p>\n<p>O encerramento da semana na trama \u00e9 marcado por muita adrenalina. Ao retornar de seus neg\u00f3cios obscuros, Atilla \u00e9 visto e, tentando se esconder, recebe ajuda do pequeno Deniz. Mas o segredo do vizinho fica por um fio e Karsu pode descobrir a qualquer momento quem ele realmente \u00e9.<\/p>\n<h2 style=\"color: #8a7650;\">Resumo de sexta-feira, 06 de mar\u00e7o<\/h2>\n<p>Karsu decide matricular os filhos na escola por conta pr\u00f3pria. Sem a ajuda de Reha, ela enfrenta a nova realidade financeira. Apesar da separa\u00e7\u00e3o, Karsu se preocupa ao ficar sabendo que o pai de seus filhos est\u00e1 no hospital por ter sido agredido. Filiz tem rea\u00e7\u00e3o al\u00e9rgica ap\u00f3s se aventurar em uma nova cl\u00ednica de beleza e tamb\u00e9m \u00e9 hospitalizada, o alto valor da consulta assusta m\u00e3e e filha. Enquanto isso, Reha renova o guarda-roupa em compras com a irm\u00e3. Sem imaginar que a viol\u00eancia contra Reha partiu de uma ordem de Atilla, Karsu conta para ele que o ex-marido est\u00e1 machucado e o homem demonstra surpresa e indigna\u00e7\u00e3o. Deniz finalmente reencontra Ozan, o e pescador aproveita o momento para revelar que planeja se mudar para ficar mais pr\u00f3ximo do menino. Atilla sai para cuidar dos neg\u00f3cios da fam\u00edlia, mas a situa\u00e7\u00e3o sai do controle quando um de seus homens de confian\u00e7a \u00e9 baleado.<br \/>\n<!--FIM--><\/p>\n<h2>Saiba mais<\/h2>\n<p><a href=\"https:\/\/tvnovelas.com.br\/novelas\/resumos-de-coracao-de-mae\/\" target=\"_blank\" rel=\"noopener\">Resumos dos cap\u00edtulos da semana de Cora\u00e7\u00e3o de M\u00e3e<\/a><br \/>\n<div class=\"pt-cv-wrapper\"><h1 class='pt-cv-heading-container heading2' data-blockid='dc296283li'><span class='pt-cv-heading'> \u00daltimas da novela <\/span><\/h1><div class=\"pt-cv-view pt-cv-grid pt-cv-colsys\" id=\"pt-cv-view-dc296283li\"><div data-id=\"pt-cv-page-1\" class=\"pt-cv-page\" data-cvc=\"1\"><div class=\"col-md-12 col-sm-12 col-xs-12 pt-cv-content-item pt-cv-1-col\" ><div class='pt-cv-ifield'><h4 class=\"pt-cv-title\"><a href=\"https:\/\/www.tvnovelas.com.br\/tvnews\/coracao-de-mae-atilla-decide-abrir-o-jogo-com-karsu\/\" class=\"_self\" target=\"_self\" >Cora\u00e7\u00e3o de M\u00e3e: Atilla decide abrir o jogo com Karsu<\/a><\/h4><\/div><\/div>\n<div class=\"col-md-12 col-sm-12 col-xs-12 pt-cv-content-item pt-cv-1-col\" ><div class='pt-cv-ifield'><h4 class=\"pt-cv-title\"><a href=\"https:\/\/www.tvnovelas.com.br\/tvnews\/coracao-de-mae-adnan-e-preso-apos-denuncia-de-irmak\/\" class=\"_self\" target=\"_self\" >Em Cora\u00e7\u00e3o de M\u00e3e: Adnan \u00e9 preso ap\u00f3s denuncia de Irmak<\/a><\/h4><\/div><\/div>\n<div class=\"col-md-12 col-sm-12 col-xs-12 pt-cv-content-item pt-cv-1-col\" ><div class='pt-cv-ifield'><h4 class=\"pt-cv-title\"><a href=\"https:\/\/www.tvnovelas.com.br\/tvnews\/coracao-de-mae-atilla-forca-karsu-a-ouvir-suas-explicacoes\/\" class=\"_self\" target=\"_self\" >Cora\u00e7\u00e3o de M\u00e3e: Atilla for\u00e7a Karsu a ouvir suas explica\u00e7\u00f5es<\/a><\/h4><\/div><\/div>\n<div class=\"col-md-12 col-sm-12 col-xs-12 pt-cv-content-item pt-cv-1-col\" ><div class='pt-cv-ifield'><h4 class=\"pt-cv-title\"><a href=\"https:\/\/www.tvnovelas.com.br\/tvnews\/em-coracao-de-mae-nos-capitulos-da-semana-27-4-a-1o-05\/\" class=\"_self\" target=\"_self\" >Em Cora\u00e7\u00e3o de M\u00e3e nos cap\u00edtulos da semana (27\/4 a 1\u00ba\/05)<\/a><\/h4><\/div><\/div>\n<div class=\"col-md-12 col-sm-12 col-xs-12 pt-cv-content-item pt-cv-1-col\" ><div class='pt-cv-ifield'><h4 class=\"pt-cv-title\"><a href=\"https:\/\/www.tvnovelas.com.br\/tvnews\/coracao-de-mae-irmak-volta-para-a-casa-de-adnan\/\" class=\"_self\" target=\"_self\" >Cora\u00e7\u00e3o de M\u00e3e: Irmak volta para a casa de Adnan<\/a><\/h4><\/div><\/div><\/div><\/div><\/div><br \/>\n<strong>Talvez voc\u00ea se interesse tamb\u00e9m<\/strong><br \/>\n<a href=\"https:\/\/pt.wikipedia.org\/wiki\/Sand%C4%B1k_Kokusu\">Cora\u00e7\u00e3o de M\u00e3e, na Wikipedia<\/a><br \/>\n<a href=\"https:\/\/classindportal.mj.gov.br\/consulta-filmes\" target=\"_blank\" rel=\"noopener\">Consulte a classifica\u00e7\u00e3o indicativa das novelas<\/a><\/p>\n<div style=\"font-size: 120%;\"><h3>Confira tamb\u00e9m<\/h3>\r\n<a href=\"https:\/\/tvnovelas.com.br\/novelas\/\" rel=\"noopener\" target=\"_blank\"><strong>Todos os resumos de novelas<\/strong><\/a><\/br>\r\n<a href=\"https:\/\/www.tvnovelas.com.br\/tvnews\/\" rel=\"noopener\" target=\"_blank\"><strong>\u00daltimas not\u00edcias das novelas<\/strong><\/a><\/br>\r\n<a href=\"https:\/\/www.tvnovelas.com.br\/filmes\/\" target=\"_blank\" rel=\"noopener noreferrer\"><strong>Programa\u00e7\u00e3o de filmes na TV aberta<\/strong><\/a><\/br>\r\n<a href=\"https:\/\/caetenews.com.br\/semana\/filmes-da-globo-na-sessao-da-tarde-desta-semana\/\" target=\"_blank\" rel=\"noopener\"><strong>Confira os filmes da semana na Sess\u00e3o da Tarde<\/strong><\/a><\/br>\r\n<a href=\"https:\/\/classindportal.mj.gov.br\/consulta-filmes\" target=\"_blank\" rel=\"noopener\"><strong>Consulte a classifica\u00e7\u00e3o indicativa dos filmes e novelas<\/strong><\/a><\/br><\/div>\n","protected":false},"excerpt":{"rendered":"<p>Cora\u00e7\u00e3o de M\u00e3e: Karsu acumula desafios financeiros&#8230; O cap\u00edtulo de Cora\u00e7\u00e3o de M\u00e3e desta sexta, dia 6, mostra a for\u00e7a de Karsu, que decide matricular sozinha&#8230;<\/p>\n","protected":false},"author":1,"featured_media":88724,"comment_status":"closed","ping_status":"closed","sticky":false,"template":"","format":"standard","meta":{"_uf_show_specific_survey":0,"_uf_disable_surveys":false,"_jetpack_memberships_contains_paid_content":false,"footnotes":"","_wp_rev_ctl_limit":""},"categories":[1049],"tags":[1048,64,14],"class_list":["post-88723","post","type-post","status-publish","format-standard","has-post-thumbnail","hentry","category-coracao-de-mae","tag-coracao-de-mae","tag-novelas","tag-record","wpcat-1049-id"],"aioseo_notices":[],"jetpack_featured_media_url":"https:\/\/i0.wp.com\/www.tvnovelas.com.br\/tvnews\/wp-content\/uploads\/2026\/03\/12930.jpg?fit=728%2C408&ssl=1","jetpack_shortlink":"https:\/\/wp.me\/pdP2BO-n51","jetpack_sharing_enabled":true,"_links":{"self":[{"href":"https:\/\/www.tvnovelas.com.br\/tvnews\/wp-json\/wp\/v2\/posts\/88723","targetHints":{"allow":["GET"]}}],"collection":[{"href":"https:\/\/www.tvnovelas.com.br\/tvnews\/wp-json\/wp\/v2\/posts"}],"about":[{"href":"https:\/\/www.tvnovelas.com.br\/tvnews\/wp-json\/wp\/v2\/types\/post"}],"author":[{"embeddable":true,"href":"https:\/\/www.tvnovelas.com.br\/tvnews\/wp-json\/wp\/v2\/users\/1"}],"replies":[{"embeddable":true,"href":"https:\/\/www.tvnovelas.com.br\/tvnews\/wp-json\/wp\/v2\/comments?post=88723"}],"version-history":[{"count":1,"href":"https:\/\/www.tvnovelas.com.br\/tvnews\/wp-json\/wp\/v2\/posts\/88723\/revisions"}],"predecessor-version":[{"id":88725,"href":"https:\/\/www.tvnovelas.com.br\/tvnews\/wp-json\/wp\/v2\/posts\/88723\/revisions\/88725"}],"wp:featuredmedia":[{"embeddable":true,"href":"https:\/\/www.tvnovelas.com.br\/tvnews\/wp-json\/wp\/v2\/media\/88724"}],"wp:attachment":[{"href":"https:\/\/www.tvnovelas.com.br\/tvnews\/wp-json\/wp\/v2\/media?parent=88723"}],"wp:term":[{"taxonomy":"category","embeddable":true,"href":"https:\/\/www.tvnovelas.com.br\/tvnews\/wp-json\/wp\/v2\/categories?post=88723"},{"taxonomy":"post_tag","embeddable":true,"href":"https:\/\/www.tvnovelas.com.br\/tvnews\/wp-json\/wp\/v2\/tags?post=88723"}],"curies":[{"name":"wp","href":"https:\/\/api.w.org\/{rel}","templated":true}]}}