{"id":88745,"date":"2026-03-08T09:22:44","date_gmt":"2026-03-08T12:22:44","guid":{"rendered":"https:\/\/www.tvnovelas.com.br\/tvnews\/?p=88745"},"modified":"2026-03-08T09:36:06","modified_gmt":"2026-03-08T12:36:06","slug":"eta-mundo-melhor-estela-fica-horrorizada-com-revelacao-de-celso","status":"publish","type":"post","link":"https:\/\/www.tvnovelas.com.br\/tvnews\/eta-mundo-melhor-estela-fica-horrorizada-com-revelacao-de-celso\/","title":{"rendered":"\u00cata Mundo Melhor!: Estela fica horrorizada com revela\u00e7\u00e3o de Celso"},"content":{"rendered":"<figure id=\"attachment_88746\" aria-describedby=\"caption-attachment-88746\" style=\"width: 728px\" class=\"wp-caption alignnone\"><img data-recalc-dims=\"1\" decoding=\"async\" class=\"wp-image-88746 size-full\" title=\"(Foto: TV Globo\/\u00cata Mundo Melhor!)\" src=\"https:\/\/i0.wp.com\/www.tvnovelas.com.br\/tvnews\/wp-content\/uploads\/2026\/03\/12935.jpg?resize=728%2C410&#038;ssl=1\" alt=\"Foto em \u00cata Mundo Melhor!: Estela fica horrorizada ao descobrir crimes de Celso\" width=\"728\" height=\"410\" srcset=\"https:\/\/i0.wp.com\/www.tvnovelas.com.br\/tvnews\/wp-content\/uploads\/2026\/03\/12935.jpg?w=728&amp;ssl=1 728w, https:\/\/i0.wp.com\/www.tvnovelas.com.br\/tvnews\/wp-content\/uploads\/2026\/03\/12935.jpg?resize=250%2C141&amp;ssl=1 250w\" sizes=\"(max-width: 728px) 100vw, 728px\" \/><figcaption id=\"caption-attachment-88746\" class=\"wp-caption-text\">\u00cata Mundo Melhor!: Estela fica horrorizada ao descobrir crimes de Celso<\/figcaption><\/figure>\n<p>Em \u00cata Mundo Melhor!, em uma visita inesperada, Celso (Rainer Cadete) decide abrir o cora\u00e7\u00e3o e revelar para Estela (Larissa Manoela) que escondeu durante anos a verdade sobre o filho de Candinho (Sergio Guiz\u00e9).<\/p>\n<p>Ao chegar nervoso \u00e0 casa da enfermeira e notar a aus\u00eancia de Anabela (Isabelly Carvalho), Celso desabafa: &#8220;Durante muito tempo tive medo que voc\u00ea descobrisse o que vou contar agora. Mas n\u00e3o aguento mais viver com esse peso no cora\u00e7\u00e3o&#8221;.<\/p>\n<p>Inicialmente, Estela tenta confort\u00e1-lo: &#8220;Celso, seja o que for que tem para me dizer, n\u00e3o pode ser t\u00e3o ruim, voc\u00ea \u00e9 um homem bom&#8221;. Mas ele confessa ter sido cruel com Candinho:<\/p>\n<p>&#8220;Todos esses anos, eu sabia que Samir era o filho sumido de Candinho. E n\u00e3o falei nada.&#8221;<\/p>\n<p>Ele tamb\u00e9m admite que pagou para que Zulma (Heloisa P\u00e9riss\u00e9) cuidasse do menino e ficasse quieta. Estela questiona a motiva\u00e7\u00e3o dele e ele responde:<\/p>\n<p>&#8220;Acabei seguindo a p\u00e9ssima ideia de minha irm\u00e3 e fiz tudo por interesse. Para continuar sendo o \u00fanico herdeiro de Candinho&#8221;.<\/p>\n<p>&#8220;Voc\u00ea roubou um tempo de Candinho e Samir juntos que eles nunca v\u00e3o recuperar. Que tipo de homem \u00e9 voc\u00ea?&#8221;, questiona Estela, indignada.<\/p>\n<p>Abalado e em l\u00e1grimas, Celso afirma que pretende contar toda a verdade a Candinho para que ele recupere a guarda do filho, mas n\u00e3o foi o suficiente para impedir o desgaste na rela\u00e7\u00e3o com Estela.<\/p>\n<p>&#8220;Eu n\u00e3o sei quem \u00e9 voc\u00ea, Celso. Mas de uma coisa tenho certeza: estou feliz que n\u00e3o nos casamos&#8221;, diz a enfermeira.<br \/>\nAntes de partir, Celso faz uma \u00faltima pergunta, querendo saber se algum dia foi amado de verdade. Estela, ent\u00e3o, dispara: &#8220;Voc\u00ea n\u00e3o sabe como me arrependo de um dia ter amado voc\u00ea&#8221;.<br \/>\n<!--FIM--><br \/>\n<a href=\"https:\/\/tvnovelas.com.br\/novelas\/resumos-de-eta-mundo-melhor\/\" target=\"_blank\" rel=\"noopener\">Resumos dos cap\u00edtulos de \u00cata Mundo Melhor!<\/a><br \/>\n<div class=\"pt-cv-wrapper\"><h2 class='pt-cv-heading-container heading2' data-blockid='ae5b5529ra'><span class='pt-cv-heading'> \u00daltimas da novela <\/span><\/h2><div class=\"pt-cv-view pt-cv-grid pt-cv-colsys\" id=\"pt-cv-view-ae5b5529ra\"><div data-id=\"pt-cv-page-1\" class=\"pt-cv-page\" data-cvc=\"1\"><div class=\"col-md-12 col-sm-12 col-xs-12 pt-cv-content-item pt-cv-1-col\" ><div class='pt-cv-ifield'><h4 class=\"pt-cv-title\"><a href=\"https:\/\/www.tvnovelas.com.br\/tvnews\/eta-mundo-melhor-sandra-avisa-que-nao-vai-desistir-da-vinganca\/\" class=\"_blank\" target=\"_blank\" >\u00cata Mundo Melhor!: Sandra avisa que n\u00e3o vai desistir da vingan\u00e7a<\/a><\/h4><\/div><\/div>\n<div class=\"col-md-12 col-sm-12 col-xs-12 pt-cv-content-item pt-cv-1-col\" ><div class='pt-cv-ifield'><h4 class=\"pt-cv-title\"><a href=\"https:\/\/www.tvnovelas.com.br\/tvnews\/eta-mundo-melhor-celso-conta-a-candinho-o-que-sempre-escondeu-sobre-samir\/\" class=\"_blank\" target=\"_blank\" >\u00cata Mundo Melhor!: Celso conta a Candinho o que sempre escondeu sobre Samir<\/a><\/h4><\/div><\/div>\n<div class=\"col-md-12 col-sm-12 col-xs-12 pt-cv-content-item pt-cv-1-col\" ><div class='pt-cv-ifield'><h4 class=\"pt-cv-title\"><a href=\"https:\/\/www.tvnovelas.com.br\/tvnews\/eta-mundo-melhor-lourival-pede-uma-chance-a-dita-e-eles-se-beijam\/\" class=\"_blank\" target=\"_blank\" >\u00cata Mundo Melhor!: Lourival pede uma chance a Dita e eles se beijam<\/a><\/h4><\/div><\/div><\/div><\/div><\/div><br \/>\n&lt;h<\/p>\n<div style=\"font-size: 120%;\"><h3>Confira tamb\u00e9m<\/h3>\r\n<a href=\"https:\/\/tvnovelas.com.br\/novelas\/\" rel=\"noopener\" target=\"_blank\"><strong>Todos os resumos de novelas<\/strong><\/a><\/br>\r\n<a href=\"https:\/\/www.tvnovelas.com.br\/tvnews\/\" rel=\"noopener\" target=\"_blank\"><strong>\u00daltimas not\u00edcias das novelas<\/strong><\/a><\/br>\r\n<a href=\"https:\/\/www.tvnovelas.com.br\/filmes\/\" target=\"_blank\" rel=\"noopener noreferrer\"><strong>Programa\u00e7\u00e3o de filmes na TV aberta<\/strong><\/a><\/br>\r\n<a href=\"https:\/\/caetenews.com.br\/semana\/filmes-da-globo-na-sessao-da-tarde-desta-semana\/\" target=\"_blank\" rel=\"noopener\"><strong>Confira os filmes da semana na Sess\u00e3o da Tarde<\/strong><\/a><\/br>\r\n<a href=\"https:\/\/classindportal.mj.gov.br\/consulta-filmes\" target=\"_blank\" rel=\"noopener\"><strong>Consulte a classifica\u00e7\u00e3o indicativa dos filmes e novelas<\/strong><\/a><\/br><\/div>\n<h2>Sobre a novela:<\/h2>\n<p><a href=\"https:\/\/tvnovelas.com.br\/page2\/arquivo\/eta-mundo-melhor-a-volta-de-candinho-e-policarpo\/&quot;\" target=\"_blank\" rel=\"noopener\">\u00cata Mundo Melhor!: A volta de Candinho e Policarpo<\/a> (Sinopse)<br \/>\n<a href=\"https:\/\/pt.wikipedia.org\/wiki\/%C3%8Ata_Mundo_Melhor!\" target=\"_blank\" rel=\"noopener\">Sobre \u00cata Mundo Melhor!, na Wikipedia<\/a><\/p>\n","protected":false},"excerpt":{"rendered":"<p>\u00cata Mundo Melhor! em uma visita inesperada, Celso decide abrir o cora\u00e7\u00e3o e revelar para Estela que escondeu durante anos a verdade sobre o filho de Candinho&#8230;<\/p>\n","protected":false},"author":1,"featured_media":88746,"comment_status":"closed","ping_status":"closed","sticky":false,"template":"","format":"standard","meta":{"_uf_show_specific_survey":0,"_uf_disable_surveys":false,"_jetpack_memberships_contains_paid_content":false,"footnotes":"","_wp_rev_ctl_limit":""},"categories":[920],"tags":[921,5,64],"class_list":["post-88745","post","type-post","status-publish","format-standard","has-post-thumbnail","hentry","category-eta-mundo-melhor","tag-eta-mundo-melhor","tag-globo","tag-novelas","wpcat-920-id"],"aioseo_notices":[],"jetpack_featured_media_url":"https:\/\/i0.wp.com\/www.tvnovelas.com.br\/tvnews\/wp-content\/uploads\/2026\/03\/12935.jpg?fit=728%2C410&ssl=1","jetpack_shortlink":"https:\/\/wp.me\/pdP2BO-n5n","jetpack_sharing_enabled":true,"_links":{"self":[{"href":"https:\/\/www.tvnovelas.com.br\/tvnews\/wp-json\/wp\/v2\/posts\/88745","targetHints":{"allow":["GET"]}}],"collection":[{"href":"https:\/\/www.tvnovelas.com.br\/tvnews\/wp-json\/wp\/v2\/posts"}],"about":[{"href":"https:\/\/www.tvnovelas.com.br\/tvnews\/wp-json\/wp\/v2\/types\/post"}],"author":[{"embeddable":true,"href":"https:\/\/www.tvnovelas.com.br\/tvnews\/wp-json\/wp\/v2\/users\/1"}],"replies":[{"embeddable":true,"href":"https:\/\/www.tvnovelas.com.br\/tvnews\/wp-json\/wp\/v2\/comments?post=88745"}],"version-history":[{"count":2,"href":"https:\/\/www.tvnovelas.com.br\/tvnews\/wp-json\/wp\/v2\/posts\/88745\/revisions"}],"predecessor-version":[{"id":88754,"href":"https:\/\/www.tvnovelas.com.br\/tvnews\/wp-json\/wp\/v2\/posts\/88745\/revisions\/88754"}],"wp:featuredmedia":[{"embeddable":true,"href":"https:\/\/www.tvnovelas.com.br\/tvnews\/wp-json\/wp\/v2\/media\/88746"}],"wp:attachment":[{"href":"https:\/\/www.tvnovelas.com.br\/tvnews\/wp-json\/wp\/v2\/media?parent=88745"}],"wp:term":[{"taxonomy":"category","embeddable":true,"href":"https:\/\/www.tvnovelas.com.br\/tvnews\/wp-json\/wp\/v2\/categories?post=88745"},{"taxonomy":"post_tag","embeddable":true,"href":"https:\/\/www.tvnovelas.com.br\/tvnews\/wp-json\/wp\/v2\/tags?post=88745"}],"curies":[{"name":"wp","href":"https:\/\/api.w.org\/{rel}","templated":true}]}}