{"id":88773,"date":"2026-03-09T10:07:40","date_gmt":"2026-03-09T13:07:40","guid":{"rendered":"https:\/\/www.tvnovelas.com.br\/tvnews\/?p=88773"},"modified":"2026-03-09T10:07:40","modified_gmt":"2026-03-09T13:07:40","slug":"coracao-acelerado-joao-raul-fica-paralisado-ao-ver-agrado-vestida-de-noiva","status":"publish","type":"post","link":"https:\/\/www.tvnovelas.com.br\/tvnews\/coracao-acelerado-joao-raul-fica-paralisado-ao-ver-agrado-vestida-de-noiva\/","title":{"rendered":"Cora\u00e7\u00e3o Acelerado: Jo\u00e3o Raul fica paralisado ao ver Agrado vestida de noiva"},"content":{"rendered":"<figure id=\"attachment_88774\" aria-describedby=\"caption-attachment-88774\" style=\"width: 728px\" class=\"wp-caption alignnone\"><img data-recalc-dims=\"1\" decoding=\"async\" class=\"wp-image-88774 size-full\" title=\"(Foto: TV Globo\/Cora\u00e7\u00e3o Acelerado)\" src=\"https:\/\/i0.wp.com\/www.tvnovelas.com.br\/tvnews\/wp-content\/uploads\/2026\/03\/12942.jpg?resize=728%2C410&#038;ssl=1\" alt=\"Foto em Cora\u00e7\u00e3o Acelerado: Jo\u00e3o Raul fica paralisado ao ver Agrado vestida de noiva\" width=\"728\" height=\"410\" srcset=\"https:\/\/i0.wp.com\/www.tvnovelas.com.br\/tvnews\/wp-content\/uploads\/2026\/03\/12942.jpg?w=728&amp;ssl=1 728w, https:\/\/i0.wp.com\/www.tvnovelas.com.br\/tvnews\/wp-content\/uploads\/2026\/03\/12942.jpg?resize=250%2C141&amp;ssl=1 250w\" sizes=\"(max-width: 728px) 100vw, 728px\" \/><figcaption id=\"caption-attachment-88774\" class=\"wp-caption-text\">Cora\u00e7\u00e3o Acelerado: Jo\u00e3o Raul fica paralisado ao ver Agrado vestida de noiva<\/figcaption><\/figure>\n<p>Em Cora\u00e7\u00e3o Acelerado, uma passagem de tempo promete agitar os pr\u00f3ximos cap\u00edtulos. Ap\u00f3s se entender com Jo\u00e3o Raul (Filipe Bragan\u00e7a), Agrado (Isadora Cruz) antecipa o casamento com o Moz\u00e3o do Brasil e surge deslumbrante vestida de noiva. O modelito, claro, \u00e9 feito pelas Marias do Caturama, cooperativa que sua m\u00e3e, Janete (Leticia Spiller), faz quest\u00e3o de cuidar ao lado de Zuzu (Elisa Lucinda).<\/p>\n<p>&#8220;Daqui a menos de um m\u00eas eu vou tar vestida assim, andando pra encontrar meu amor&#8230; Dona Dina, agora t\u00e1 perfeito, n\u00e3o t\u00e1 justo, nem frouxo&#8230; que obra de arte que c\u00eas fizeram, vou guardar esse vestido pro resto da vida&#8230; vai ser da minha filha&#8230; e depois da minha neta, depois da minha bisneta!&#8221;, ressalta a cantora.<\/p>\n<p>O momento cheio de emo\u00e7\u00e3o \u00e9 interrompido por ningu\u00e9m menos do que o pr\u00f3prio noivo, Jo\u00e3o Raul, para desespero geral. O Moz\u00e3o fica paralisado diante da amada: &#8220;Jesus do c\u00e9u&#8230; voc\u00ea t\u00e1 t\u00e3o linda&#8230; Eu nunca&#8230;Meu cora\u00e7\u00e3o chega disparou aqui&#8230;&#8221;.<\/p>\n<p>Ao ver a cena, Janete sente uma sensa\u00e7\u00e3o esquisita. Quem logo percebe \u00e9 Zuzu. \u00c9 que a m\u00e3e de Agrado fica impressionada ao lembrar da mesma cena que lhe aconteceu no passado, quando ainda era noiva de Alaorzinho (Daniel de Oliveira).<br \/>\n<!--FIM DO POST--><br \/>\n<a href=\"https:\/\/tvnovelas.com.br\/novelas\/resumos-de-coracao-acelerado\/\" target=\"_blank\" rel=\"noopener\">Resumos dos cap\u00edtulos de Cora\u00e7\u00e3o Acelerado<\/a><br \/>\n<strong>Saiba mais:<\/strong><br \/>\n<a href=\"https:\/\/wp.me\/pfspD2-W3\" target=\"_blank\" rel=\"noopener\">Cora\u00e7\u00e3o Acelerado: A trajet\u00f3ria da fam\u00edlia Sampaio Garcia<\/a><br \/>\n<a href=\"https:\/\/pt.wikipedia.org\/wiki\/Cora%C3%A7%C3%A3o_Acelerado\" target=\"_blank\" rel=\"noopener\">Sobre Cora\u00e7\u00e3o Acelerado na Wikipedia<\/a><br \/>\n<div class=\"pt-cv-wrapper\"><h2 class='pt-cv-heading-container heading2' data-blockid='9b88c0b6t2'><span class='pt-cv-heading'> \u00daltimas da novela <\/span><\/h2><div class=\"pt-cv-view pt-cv-grid pt-cv-colsys\" id=\"pt-cv-view-9b88c0b6t2\"><div data-id=\"pt-cv-page-1\" class=\"pt-cv-page\" data-cvc=\"1\"><div class=\"col-md-12 col-sm-12 col-xs-12 pt-cv-content-item pt-cv-1-col\" ><div class='pt-cv-ifield'><h4 class=\"pt-cv-title\"><a href=\"https:\/\/www.tvnovelas.com.br\/tvnews\/dona-de-mim-abel-aparece-e-salva-sofia-do-incendio\/\" class=\"_blank\" target=\"_blank\" >Dona de Mim: Abel \u2018aparece&#8217; e salva Sofia do inc\u00eandio<\/a><\/h4><\/div><\/div>\n<div class=\"col-md-12 col-sm-12 col-xs-12 pt-cv-content-item pt-cv-1-col\" ><div class='pt-cv-ifield'><h4 class=\"pt-cv-title\"><a href=\"https:\/\/www.tvnovelas.com.br\/tvnews\/dona-de-mim-jaques-coloca-fogo-na-boaz\/\" class=\"_blank\" target=\"_blank\" >Dona de Mim: Jaques coloca fogo na Boaz<\/a><\/h4><\/div><\/div>\n<div class=\"col-md-12 col-sm-12 col-xs-12 pt-cv-content-item pt-cv-1-col\" ><div class='pt-cv-ifield'><h4 class=\"pt-cv-title\"><a href=\"https:\/\/www.tvnovelas.com.br\/tvnews\/dona-de-mim-davi-e-barbara-sofrem-grave-acidente\/\" class=\"_blank\" target=\"_blank\" >Dona de Mim: Davi e B\u00e1rbara sofrem grave acidente<\/a><\/h4><\/div><\/div><\/div><\/div><\/div><\/p>\n<div style=\"font-size: 150%;\"><h3>Confira tamb\u00e9m<\/h3>\r\n<a href=\"https:\/\/tvnovelas.com.br\/novelas\/\" rel=\"noopener\" target=\"_blank\"><strong>Todos os resumos de novelas<\/strong><\/a><\/br>\r\n<a href=\"https:\/\/www.tvnovelas.com.br\/tvnews\/\" rel=\"noopener\" target=\"_blank\"><strong>\u00daltimas not\u00edcias das novelas<\/strong><\/a><\/br>\r\n<a href=\"https:\/\/www.tvnovelas.com.br\/filmes\/\" target=\"_blank\" rel=\"noopener noreferrer\"><strong>Programa\u00e7\u00e3o de filmes na TV aberta<\/strong><\/a><\/br>\r\n<a href=\"https:\/\/caetenews.com.br\/semana\/filmes-da-globo-na-sessao-da-tarde-desta-semana\/\" target=\"_blank\" rel=\"noopener\"><strong>Confira os filmes da semana na Sess\u00e3o da Tarde<\/strong><\/a><\/br>\r\n<a href=\"https:\/\/classindportal.mj.gov.br\/consulta-filmes\" target=\"_blank\" rel=\"noopener\"><strong>Consulte a classifica\u00e7\u00e3o indicativa dos filmes e novelas<\/strong><\/a><\/br><\/div>\n","protected":false},"excerpt":{"rendered":"<p>Cora\u00e7\u00e3o Acelerado: Jo\u00e3o Raul fica paralisado ao ver Agrado vestida de noiva&#8230; uma passagem de tempo promete agitar os pr\u00f3ximos cap\u00edtulos. Ap\u00f3s se entender&#8230;<\/p>\n","protected":false},"author":1,"featured_media":88774,"comment_status":"closed","ping_status":"closed","sticky":false,"template":"","format":"standard","meta":{"_uf_show_specific_survey":0,"_uf_disable_surveys":false,"_jetpack_memberships_contains_paid_content":false,"footnotes":"","_wp_rev_ctl_limit":""},"categories":[1031],"tags":[1043,5,64],"class_list":["post-88773","post","type-post","status-publish","format-standard","has-post-thumbnail","hentry","category-coracao-acelerado","tag-coracao-acelerado","tag-globo","tag-novelas","wpcat-1031-id"],"aioseo_notices":[],"jetpack_featured_media_url":"https:\/\/i0.wp.com\/www.tvnovelas.com.br\/tvnews\/wp-content\/uploads\/2026\/03\/12942.jpg?fit=728%2C410&ssl=1","jetpack_shortlink":"https:\/\/wp.me\/pdP2BO-n5P","jetpack_sharing_enabled":true,"_links":{"self":[{"href":"https:\/\/www.tvnovelas.com.br\/tvnews\/wp-json\/wp\/v2\/posts\/88773","targetHints":{"allow":["GET"]}}],"collection":[{"href":"https:\/\/www.tvnovelas.com.br\/tvnews\/wp-json\/wp\/v2\/posts"}],"about":[{"href":"https:\/\/www.tvnovelas.com.br\/tvnews\/wp-json\/wp\/v2\/types\/post"}],"author":[{"embeddable":true,"href":"https:\/\/www.tvnovelas.com.br\/tvnews\/wp-json\/wp\/v2\/users\/1"}],"replies":[{"embeddable":true,"href":"https:\/\/www.tvnovelas.com.br\/tvnews\/wp-json\/wp\/v2\/comments?post=88773"}],"version-history":[{"count":1,"href":"https:\/\/www.tvnovelas.com.br\/tvnews\/wp-json\/wp\/v2\/posts\/88773\/revisions"}],"predecessor-version":[{"id":88775,"href":"https:\/\/www.tvnovelas.com.br\/tvnews\/wp-json\/wp\/v2\/posts\/88773\/revisions\/88775"}],"wp:featuredmedia":[{"embeddable":true,"href":"https:\/\/www.tvnovelas.com.br\/tvnews\/wp-json\/wp\/v2\/media\/88774"}],"wp:attachment":[{"href":"https:\/\/www.tvnovelas.com.br\/tvnews\/wp-json\/wp\/v2\/media?parent=88773"}],"wp:term":[{"taxonomy":"category","embeddable":true,"href":"https:\/\/www.tvnovelas.com.br\/tvnews\/wp-json\/wp\/v2\/categories?post=88773"},{"taxonomy":"post_tag","embeddable":true,"href":"https:\/\/www.tvnovelas.com.br\/tvnews\/wp-json\/wp\/v2\/tags?post=88773"}],"curies":[{"name":"wp","href":"https:\/\/api.w.org\/{rel}","templated":true}]}}