{"id":88780,"date":"2026-03-09T11:53:48","date_gmt":"2026-03-09T14:53:48","guid":{"rendered":"https:\/\/www.tvnovelas.com.br\/tvnews\/?p=88780"},"modified":"2026-03-09T12:29:28","modified_gmt":"2026-03-09T15:29:28","slug":"coracao-de-mae-lale-e-reha-colocam-tilsim-contra-a-mae","status":"publish","type":"post","link":"https:\/\/www.tvnovelas.com.br\/tvnews\/coracao-de-mae-lale-e-reha-colocam-tilsim-contra-a-mae\/","title":{"rendered":"Cora\u00e7\u00e3o de M\u00e3e: Lale e Reha colocam Tilsim contra a m\u00e3e"},"content":{"rendered":"<figure id=\"attachment_88781\" aria-describedby=\"caption-attachment-88781\" style=\"width: 728px\" class=\"wp-caption alignnone\"><img data-recalc-dims=\"1\" decoding=\"async\" class=\"wp-image-88781 size-full\" title=\"(Foto: Record TV\/Cora\u00e7\u00e3o de M\u00e3e)\" src=\"https:\/\/i0.wp.com\/www.tvnovelas.com.br\/tvnews\/wp-content\/uploads\/2026\/03\/12944.jpg?resize=728%2C410&#038;ssl=1\" alt=\"Foto em Cora\u00e7\u00e3o de M\u00e3e: Lale e Reha colocam Tilsim contra a m\u00e3e\" width=\"728\" height=\"410\" srcset=\"https:\/\/i0.wp.com\/www.tvnovelas.com.br\/tvnews\/wp-content\/uploads\/2026\/03\/12944.jpg?w=728&amp;ssl=1 728w, https:\/\/i0.wp.com\/www.tvnovelas.com.br\/tvnews\/wp-content\/uploads\/2026\/03\/12944.jpg?resize=250%2C141&amp;ssl=1 250w\" sizes=\"(max-width: 728px) 100vw, 728px\" \/><figcaption id=\"caption-attachment-88781\" class=\"wp-caption-text\">Cora\u00e7\u00e3o de M\u00e3e: Lale e Reha colocam Tilsim contra a m\u00e3e<\/figcaption><\/figure>\n<p>No cap\u00edtulo de Cora\u00e7\u00e3o de M\u00e3e desta segunda, dia 9, Filiz e Karsu preparam uma festa para comemorar a nova escola das crian\u00e7as. Do outro lado, Lale e Reha colocam em pr\u00e1tica um plano para virar Tilsim contra a pr\u00f3pria m\u00e3e.<\/p>\n<p>A tia leva a menina para um dia de compras, investindo em presentes e mostrando uma vida cheia de privil\u00e9gios, tudo para abalar o v\u00ednculo com Karsu.<\/p>\n<p>Tilsim chega em casa carregada de presentes e n\u00e3o se empolga com a festa preparada pela m\u00e3e e av\u00f3.<\/p>\n<p>Nos pr\u00f3ximos cap\u00edtulos,  Karsu vai perde o controle ao encontrar Tilsim ao lado de Hande, a amante de Reha. Diante da cena, a menina pede que a pr\u00f3pria m\u00e3e v\u00e1 embora, deixando Karsu devastada. <\/p>\n<h2 style=\"color: #da4848;\">Resumo de segunda-feira, 09 de mar\u00e7o<\/h2>\n<p>Ap\u00f3s ser ajudado por Deniz, Atilla precisa ser criativo para manter seu disfarce e aproveita o fato de ter conquistado a confian\u00e7a de Karsu. Sem desconfiar de nada, Filiz comenta com a filha que Atilla seria um bom par para Ipek e juntas, elas planejam uma festa para comemorar a nova escola das crian\u00e7as. Do outro lado, Lale e Reha colocam em pr\u00e1tica um plano para virar Tilsim contra a pr\u00f3pria m\u00e3e. A tia leva a menina para um dia de compras, investindo em presentes e mostrando uma vida cheia de privil\u00e9gios, tudo para abalar o v\u00ednculo com Karsu. Enfrentando dificuldades financeiras, Karsu se desfaz de alguns pertences para conseguir dinheiro do material escolar dos filhos, e com isso, enxerga uma oportunidade para trabalhar. Tilsim chega carregada de presentes e n\u00e3o se empolga com a festa preparada pela m\u00e3e e av\u00f3.<\/p>\n<p><!--FIM--><\/p>\n<h2>Saiba mais<\/h2>\n<p><a href=\"https:\/\/tvnovelas.com.br\/novelas\/resumos-de-coracao-de-mae\/\" target=\"_blank\" rel=\"noopener\">Resumos dos cap\u00edtulos da semana de Cora\u00e7\u00e3o de M\u00e3e<\/a><br \/>\n<div class=\"pt-cv-wrapper\"><h1 class='pt-cv-heading-container heading2' data-blockid='dc296283li'><span class='pt-cv-heading'> \u00daltimas da novela <\/span><\/h1><div class=\"pt-cv-view pt-cv-grid pt-cv-colsys\" id=\"pt-cv-view-dc296283li\"><div data-id=\"pt-cv-page-1\" class=\"pt-cv-page\" data-cvc=\"1\"><div class=\"col-md-12 col-sm-12 col-xs-12 pt-cv-content-item pt-cv-1-col\" ><div class='pt-cv-ifield'><h4 class=\"pt-cv-title\"><a href=\"https:\/\/www.tvnovelas.com.br\/tvnews\/coracao-de-mae-adnan-e-preso-apos-denuncia-de-irmak\/\" class=\"_self\" target=\"_self\" >Em Cora\u00e7\u00e3o de M\u00e3e: Adnan \u00e9 preso ap\u00f3s denuncia de Irmak<\/a><\/h4><\/div><\/div>\n<div class=\"col-md-12 col-sm-12 col-xs-12 pt-cv-content-item pt-cv-1-col\" ><div class='pt-cv-ifield'><h4 class=\"pt-cv-title\"><a href=\"https:\/\/www.tvnovelas.com.br\/tvnews\/coracao-de-mae-atilla-forca-karsu-a-ouvir-suas-explicacoes\/\" class=\"_self\" target=\"_self\" >Cora\u00e7\u00e3o de M\u00e3e: Atilla for\u00e7a Karsu a ouvir suas explica\u00e7\u00f5es<\/a><\/h4><\/div><\/div>\n<div class=\"col-md-12 col-sm-12 col-xs-12 pt-cv-content-item pt-cv-1-col\" ><div class='pt-cv-ifield'><h4 class=\"pt-cv-title\"><a href=\"https:\/\/www.tvnovelas.com.br\/tvnews\/em-coracao-de-mae-nos-capitulos-da-semana-27-4-a-1o-05\/\" class=\"_self\" target=\"_self\" >Em Cora\u00e7\u00e3o de M\u00e3e nos cap\u00edtulos da semana (27\/4 a 1\u00ba\/05)<\/a><\/h4><\/div><\/div>\n<div class=\"col-md-12 col-sm-12 col-xs-12 pt-cv-content-item pt-cv-1-col\" ><div class='pt-cv-ifield'><h4 class=\"pt-cv-title\"><a href=\"https:\/\/www.tvnovelas.com.br\/tvnews\/coracao-de-mae-irmak-volta-para-a-casa-de-adnan\/\" class=\"_self\" target=\"_self\" >Cora\u00e7\u00e3o de M\u00e3e: Irmak volta para a casa de Adnan<\/a><\/h4><\/div><\/div>\n<div class=\"col-md-12 col-sm-12 col-xs-12 pt-cv-content-item pt-cv-1-col\" ><div class='pt-cv-ifield'><h4 class=\"pt-cv-title\"><a href=\"https:\/\/www.tvnovelas.com.br\/tvnews\/coracao-de-mae-adnan-confessa-a-karsu-traicao-a-irmak\/\" class=\"_self\" target=\"_self\" >Cora\u00e7\u00e3o de M\u00e3e: Adnan confessa a Karsu trai\u00e7\u00e3o a Irmak<\/a><\/h4><\/div><\/div><\/div><\/div><\/div><br \/>\n<strong>Talvez voc\u00ea se interesse tamb\u00e9m<\/strong><br \/>\n<a href=\"https:\/\/pt.wikipedia.org\/wiki\/Sand%C4%B1k_Kokusu\">Cora\u00e7\u00e3o de M\u00e3e, na Wikipedia<\/a><br \/>\n<a href=\"https:\/\/classindportal.mj.gov.br\/consulta-filmes\" target=\"_blank\" rel=\"noopener\">Consulte a classifica\u00e7\u00e3o indicativa das novelas<\/a><\/p>\n<div style=\"font-size: 120%;\"><h3>Confira tamb\u00e9m<\/h3>\r\n<a href=\"https:\/\/tvnovelas.com.br\/novelas\/\" rel=\"noopener\" target=\"_blank\"><strong>Todos os resumos de novelas<\/strong><\/a><\/br>\r\n<a href=\"https:\/\/www.tvnovelas.com.br\/tvnews\/\" rel=\"noopener\" target=\"_blank\"><strong>\u00daltimas not\u00edcias das novelas<\/strong><\/a><\/br>\r\n<a href=\"https:\/\/www.tvnovelas.com.br\/filmes\/\" target=\"_blank\" rel=\"noopener noreferrer\"><strong>Programa\u00e7\u00e3o de filmes na TV aberta<\/strong><\/a><\/br>\r\n<a href=\"https:\/\/caetenews.com.br\/semana\/filmes-da-globo-na-sessao-da-tarde-desta-semana\/\" target=\"_blank\" rel=\"noopener\"><strong>Confira os filmes da semana na Sess\u00e3o da Tarde<\/strong><\/a><\/br>\r\n<a href=\"https:\/\/classindportal.mj.gov.br\/consulta-filmes\" target=\"_blank\" rel=\"noopener\"><strong>Consulte a classifica\u00e7\u00e3o indicativa dos filmes e novelas<\/strong><\/a><\/br><\/div>\n","protected":false},"excerpt":{"rendered":"<p>Cora\u00e7\u00e3o de M\u00e3e: Lale e Reha colocam Tilsim contra a m\u00e3e&#8230; No cap\u00edtulo de Cora\u00e7\u00e3o de M\u00e3e desta segunda, dia 9, Filiz e Karsu preparam uma festa&#8230;<\/p>\n","protected":false},"author":1,"featured_media":88781,"comment_status":"closed","ping_status":"closed","sticky":false,"template":"","format":"standard","meta":{"_uf_show_specific_survey":0,"_uf_disable_surveys":false,"_jetpack_memberships_contains_paid_content":false,"footnotes":"","_wp_rev_ctl_limit":""},"categories":[1049],"tags":[1048,5,64],"class_list":["post-88780","post","type-post","status-publish","format-standard","has-post-thumbnail","hentry","category-coracao-de-mae","tag-coracao-de-mae","tag-globo","tag-novelas","wpcat-1049-id"],"aioseo_notices":[],"jetpack_featured_media_url":"https:\/\/i0.wp.com\/www.tvnovelas.com.br\/tvnews\/wp-content\/uploads\/2026\/03\/12944.jpg?fit=728%2C410&ssl=1","jetpack_shortlink":"https:\/\/wp.me\/pdP2BO-n5W","jetpack_sharing_enabled":true,"_links":{"self":[{"href":"https:\/\/www.tvnovelas.com.br\/tvnews\/wp-json\/wp\/v2\/posts\/88780","targetHints":{"allow":["GET"]}}],"collection":[{"href":"https:\/\/www.tvnovelas.com.br\/tvnews\/wp-json\/wp\/v2\/posts"}],"about":[{"href":"https:\/\/www.tvnovelas.com.br\/tvnews\/wp-json\/wp\/v2\/types\/post"}],"author":[{"embeddable":true,"href":"https:\/\/www.tvnovelas.com.br\/tvnews\/wp-json\/wp\/v2\/users\/1"}],"replies":[{"embeddable":true,"href":"https:\/\/www.tvnovelas.com.br\/tvnews\/wp-json\/wp\/v2\/comments?post=88780"}],"version-history":[{"count":3,"href":"https:\/\/www.tvnovelas.com.br\/tvnews\/wp-json\/wp\/v2\/posts\/88780\/revisions"}],"predecessor-version":[{"id":88784,"href":"https:\/\/www.tvnovelas.com.br\/tvnews\/wp-json\/wp\/v2\/posts\/88780\/revisions\/88784"}],"wp:featuredmedia":[{"embeddable":true,"href":"https:\/\/www.tvnovelas.com.br\/tvnews\/wp-json\/wp\/v2\/media\/88781"}],"wp:attachment":[{"href":"https:\/\/www.tvnovelas.com.br\/tvnews\/wp-json\/wp\/v2\/media?parent=88780"}],"wp:term":[{"taxonomy":"category","embeddable":true,"href":"https:\/\/www.tvnovelas.com.br\/tvnews\/wp-json\/wp\/v2\/categories?post=88780"},{"taxonomy":"post_tag","embeddable":true,"href":"https:\/\/www.tvnovelas.com.br\/tvnews\/wp-json\/wp\/v2\/tags?post=88780"}],"curies":[{"name":"wp","href":"https:\/\/api.w.org\/{rel}","templated":true}]}}