{"id":88786,"date":"2026-03-09T15:13:45","date_gmt":"2026-03-09T18:13:45","guid":{"rendered":"https:\/\/www.tvnovelas.com.br\/tvnews\/?p=88786"},"modified":"2026-03-09T15:13:45","modified_gmt":"2026-03-09T18:13:45","slug":"chamas-do-destino-iskender-da-prensa-em-celebi-e-ele-muda-a-rota","status":"publish","type":"post","link":"https:\/\/www.tvnovelas.com.br\/tvnews\/chamas-do-destino-iskender-da-prensa-em-celebi-e-ele-muda-a-rota\/","title":{"rendered":"Chamas do Destino: Iskender d\u00e1 prensa em Celebi e ele muda a rota"},"content":{"rendered":"<figure id=\"attachment_88787\" aria-describedby=\"caption-attachment-88787\" style=\"width: 728px\" class=\"wp-caption alignnone\"><img data-recalc-dims=\"1\" decoding=\"async\" class=\"wp-image-88787 size-full\" title=\"(Foto: Record\/Chamas do Destino)\" src=\"https:\/\/i0.wp.com\/www.tvnovelas.com.br\/tvnews\/wp-content\/uploads\/2026\/03\/12945.jpg?resize=728%2C409&#038;ssl=1\" alt=\"Foto em Chamas do Destino: Iskender d\u00e1 prensa em Celebi e ele muda de rota\" width=\"728\" height=\"409\" srcset=\"https:\/\/i0.wp.com\/www.tvnovelas.com.br\/tvnews\/wp-content\/uploads\/2026\/03\/12945.jpg?w=728&amp;ssl=1 728w, https:\/\/i0.wp.com\/www.tvnovelas.com.br\/tvnews\/wp-content\/uploads\/2026\/03\/12945.jpg?resize=250%2C140&amp;ssl=1 250w\" sizes=\"(max-width: 728px) 100vw, 728px\" \/><figcaption id=\"caption-attachment-88787\" class=\"wp-caption-text\">Chamas do Destino: Iskender d\u00e1 prensa em Celebi e ele muda de rota<\/figcaption><\/figure>\n<p>Em Chamas do Destino, a semana come\u00e7a com Iskender mostrando as garras e exigindo que Celebi renuncie \u00e0 presid\u00eancia do conselho da empresa. O vil\u00e3o, sempre estrat\u00e9gico, decide recalcular sua rota: ele entrega o cargo, mas n\u00e3o por derrota. O plano agora \u00e9 retomar sua carreira pol\u00edtica com for\u00e7a total, visando conquistar ainda mais poder para esmagar seus oponentes. No meio do caos corporativo, Omer revela a Ruya um detalhe perturbador: ele viu Cicek dirigindo o carro de Iskender.<\/p>\n<p>No mesmo cap\u00edtulo, ap\u00f3s a visita dos assistentes sociais, Cerme tenta de todas as formas sensibiliz\u00e1-los para garantir que Gunes fique ao seu lado, mas o caminho \u00e9 tortuoso. Na manh\u00e3 seguinte, no tribunal, acompanhada de Ozan, ela l\u00ea o parecer sobre a cust\u00f3dia tempor\u00e1ria, logo na sa\u00edda do local os dois lidam com as amea\u00e7as de Celebi.<\/p>\n<p>A culpa come\u00e7a a corroer Cicek, que desabafa com Tomris sobre o peso de esconder a verdade sobre a morte de Kenan. Enquanto isso, na mans\u00e3o, Iskender tenta se impor, mas acaba sendo hostilizado por Hulya, que opta por dar apoio ao ambicioso Celebi. Para fechar o dia, Tomris faz uma proposta de trabalho inesperada para Hikmet.<br \/>\n<!--FIM DO POST--><br \/>\n<strong>Saiba mais:<\/strong><br \/>\n<a href=\"https:\/\/wp.me\/pfspD2-VZ\" target=\"_blank\" rel=\"noopener\">Chamas do Destino: Tr\u00eas mulheres cujas hist\u00f3rias se cruzam<\/a> (Sinopse)<br \/>\n<div class=\"pt-cv-wrapper\"><h1 class='pt-cv-heading-container heading1' data-blockid='2ab72430a2'><span class='pt-cv-heading'> \u00daltimas da Novela <\/span><\/h1><div class=\"pt-cv-view pt-cv-grid pt-cv-colsys\" id=\"pt-cv-view-2ab72430a2\"><div data-id=\"pt-cv-page-1\" class=\"pt-cv-page\" data-cvc=\"1\"><div class=\"col-md-12 col-sm-12 col-xs-12 pt-cv-content-item pt-cv-1-col\" ><div class='pt-cv-ifield'><h4 class=\"pt-cv-title\"><a href=\"https:\/\/www.tvnovelas.com.br\/tvnews\/chamas-do-destino-iskender-e-preso-apos-denuncia-de-cicek\/\" class=\"_self\" target=\"_self\" >Chamas do Destino: Iskender \u00e9 preso ap\u00f3s den\u00fancia de Cicek<\/a><\/h4><\/div><\/div>\n<div class=\"col-md-12 col-sm-12 col-xs-12 pt-cv-content-item pt-cv-1-col\" ><div class='pt-cv-ifield'><h4 class=\"pt-cv-title\"><a href=\"https:\/\/www.tvnovelas.com.br\/tvnews\/chamas-do-destino-seher-permite-que-cemre-visite-ozan\/\" class=\"_self\" target=\"_self\" >Chamas do Destino: Seher permite que Cemre visite Ozan<\/a><\/h4><\/div><\/div>\n<div class=\"col-md-12 col-sm-12 col-xs-12 pt-cv-content-item pt-cv-1-col\" ><div class='pt-cv-ifield'><h4 class=\"pt-cv-title\"><a href=\"https:\/\/www.tvnovelas.com.br\/tvnews\/chamas-do-destino-iskender-se-torna-a-unica-esperanca-para-salvar-a-vida-de-ozan\/\" class=\"_self\" target=\"_self\" >Chamas do Destino: Iskender se torna a \u00fanica esperan\u00e7a para salvar a vida de Ozan<\/a><\/h4><\/div><\/div><\/div><\/div><\/div><\/p>\n<div style=\"font-size: 150%;\"><h3>Confira tamb\u00e9m<\/h3>\r\n<a href=\"https:\/\/tvnovelas.com.br\/novelas\/\" rel=\"noopener\" target=\"_blank\"><strong>Todos os resumos de novelas<\/strong><\/a><\/br>\r\n<a href=\"https:\/\/www.tvnovelas.com.br\/tvnews\/\" rel=\"noopener\" target=\"_blank\"><strong>\u00daltimas not\u00edcias das novelas<\/strong><\/a><\/br>\r\n<a href=\"https:\/\/www.tvnovelas.com.br\/filmes\/\" target=\"_blank\" rel=\"noopener noreferrer\"><strong>Programa\u00e7\u00e3o de filmes na TV aberta<\/strong><\/a><\/br>\r\n<a href=\"https:\/\/caetenews.com.br\/semana\/filmes-da-globo-na-sessao-da-tarde-desta-semana\/\" target=\"_blank\" rel=\"noopener\"><strong>Confira os filmes da semana na Sess\u00e3o da Tarde<\/strong><\/a><\/br>\r\n<a href=\"https:\/\/classindportal.mj.gov.br\/consulta-filmes\" target=\"_blank\" rel=\"noopener\"><strong>Consulte a classifica\u00e7\u00e3o indicativa dos filmes e novelas<\/strong><\/a><\/br><\/div>\n","protected":false},"excerpt":{"rendered":"<p>Chamas do Destino: Iskender d\u00e1 prensa em Celebi e ele muda a rota&#8230; a semana come\u00e7a com Iskender mostrando as garras e exigindo que Celebi renuncie \u00e0 presid\u00eancia&#8230;<\/p>\n","protected":false},"author":1,"featured_media":88787,"comment_status":"closed","ping_status":"closed","sticky":false,"template":"","format":"standard","meta":{"_uf_show_specific_survey":0,"_uf_disable_surveys":false,"_jetpack_memberships_contains_paid_content":false,"footnotes":"","_wp_rev_ctl_limit":""},"categories":[1040],"tags":[1041,64,14],"class_list":["post-88786","post","type-post","status-publish","format-standard","has-post-thumbnail","hentry","category-chamas-do-destino","tag-chamas-do-destino","tag-novelas","tag-record","wpcat-1040-id"],"aioseo_notices":[],"jetpack_featured_media_url":"https:\/\/i0.wp.com\/www.tvnovelas.com.br\/tvnews\/wp-content\/uploads\/2026\/03\/12945.jpg?fit=728%2C409&ssl=1","jetpack_shortlink":"https:\/\/wp.me\/pdP2BO-n62","jetpack_sharing_enabled":true,"_links":{"self":[{"href":"https:\/\/www.tvnovelas.com.br\/tvnews\/wp-json\/wp\/v2\/posts\/88786","targetHints":{"allow":["GET"]}}],"collection":[{"href":"https:\/\/www.tvnovelas.com.br\/tvnews\/wp-json\/wp\/v2\/posts"}],"about":[{"href":"https:\/\/www.tvnovelas.com.br\/tvnews\/wp-json\/wp\/v2\/types\/post"}],"author":[{"embeddable":true,"href":"https:\/\/www.tvnovelas.com.br\/tvnews\/wp-json\/wp\/v2\/users\/1"}],"replies":[{"embeddable":true,"href":"https:\/\/www.tvnovelas.com.br\/tvnews\/wp-json\/wp\/v2\/comments?post=88786"}],"version-history":[{"count":1,"href":"https:\/\/www.tvnovelas.com.br\/tvnews\/wp-json\/wp\/v2\/posts\/88786\/revisions"}],"predecessor-version":[{"id":88788,"href":"https:\/\/www.tvnovelas.com.br\/tvnews\/wp-json\/wp\/v2\/posts\/88786\/revisions\/88788"}],"wp:featuredmedia":[{"embeddable":true,"href":"https:\/\/www.tvnovelas.com.br\/tvnews\/wp-json\/wp\/v2\/media\/88787"}],"wp:attachment":[{"href":"https:\/\/www.tvnovelas.com.br\/tvnews\/wp-json\/wp\/v2\/media?parent=88786"}],"wp:term":[{"taxonomy":"category","embeddable":true,"href":"https:\/\/www.tvnovelas.com.br\/tvnews\/wp-json\/wp\/v2\/categories?post=88786"},{"taxonomy":"post_tag","embeddable":true,"href":"https:\/\/www.tvnovelas.com.br\/tvnews\/wp-json\/wp\/v2\/tags?post=88786"}],"curies":[{"name":"wp","href":"https:\/\/api.w.org\/{rel}","templated":true}]}}