{"id":88803,"date":"2026-03-10T10:55:28","date_gmt":"2026-03-10T13:55:28","guid":{"rendered":"https:\/\/www.tvnovelas.com.br\/tvnews\/?p=88803"},"modified":"2026-03-10T10:55:28","modified_gmt":"2026-03-10T13:55:28","slug":"chamas-do-destino-ozan-e-denunciado-pelo-tio","status":"publish","type":"post","link":"https:\/\/www.tvnovelas.com.br\/tvnews\/chamas-do-destino-ozan-e-denunciado-pelo-tio\/","title":{"rendered":"Chamas do Destino: Ozan \u00e9 denunciado pelo tio"},"content":{"rendered":"<figure id=\"attachment_88806\" aria-describedby=\"caption-attachment-88806\" style=\"width: 728px\" class=\"wp-caption alignnone\"><img data-recalc-dims=\"1\" decoding=\"async\" class=\"wp-image-88806 size-full\" title=\"(Foto: Record\/Chamas do Destino)\" src=\"https:\/\/i0.wp.com\/www.tvnovelas.com.br\/tvnews\/wp-content\/uploads\/2026\/03\/12949.jpg?resize=728%2C410&#038;ssl=1\" alt=\"Foto em Chamas do Destino: Ozan \u00e9 denunciado pelo tio\" width=\"728\" height=\"410\" srcset=\"https:\/\/i0.wp.com\/www.tvnovelas.com.br\/tvnews\/wp-content\/uploads\/2026\/03\/12949.jpg?w=728&amp;ssl=1 728w, https:\/\/i0.wp.com\/www.tvnovelas.com.br\/tvnews\/wp-content\/uploads\/2026\/03\/12949.jpg?resize=250%2C141&amp;ssl=1 250w\" sizes=\"(max-width: 728px) 100vw, 728px\" \/><figcaption id=\"caption-attachment-88806\" class=\"wp-caption-text\">Chamas do Destino: Ozan \u00e9 denunciado pelo tio<\/figcaption><\/figure>\n<p>Em Chamas do Destino, nesta ter\u00e7a, dia 10, Influenciado por Celebi, o tio de Ozan responsabiliza o pr\u00f3prio sobrinho pelo acidente com o oper\u00e1rio no canteiro de obras.<\/p>\n<p>Ozan \u00e9 detido, e Seher, Cemre e Omer v\u00e3o \u00e0 delegacia para apoiar o jornalista. Enquanto aguardam a chegada de R\u00fcya, o grupo tenta entender os motivos que levaram \u00e0 deten\u00e7\u00e3o de Ozan.<\/p>\n<p>Na sequ\u00eancia, o destino de Ozan entra em jogo quando ele vai a julgamento devido \u00e0 den\u00fancia feita por seu tio e ele corre o risco de ir para a pris\u00e3o.<\/p>\n<h2 style=\"color: #da4848;\">Resumo de ter\u00e7a-feira, 10 de mar\u00e7o<\/h2>\n<p>Decidido a prejudicar todos que apoiam Cemre, Celebi recebe Kismet em seu escrit\u00f3rio. Influenciado pelo empres\u00e1rio, o tio de Ozan responsabiliza o pr\u00f3prio sobrinho pelo acidente com o oper\u00e1rio no canteiro de obras. Enquanto isso, em seu primeiro dia na escola nova, Gunes briga com as colegas e confessa a Cemre que n\u00e3o quer mais voltar. Ozan \u00e9 detido, e Seher, Cemre e Omer v\u00e3o \u00e0 delegacia para apoiar o jornalista. Enquanto aguardam a chegada de R\u00fcya, o grupo tenta entender os motivos que levaram \u00e0 deten\u00e7\u00e3o de Ozan. Ap\u00f3s ter seu restaurante incendiado, Han\u0131m recebe uma nova oportunidade para se reerguer. Ao mesmo tempo, o destino de Ozan entra em jogo quando ele vai a julgamento devido \u00e0 den\u00fancia feita por seu tio. Caleb se junta a Bullet para atingir Tomris.<\/p>\n<p><!--FIM DO POST--><br \/>\n<strong>Saiba mais:<\/strong><br \/>\n<a href=\"https:\/\/wp.me\/pfspD2-VZ\" target=\"_blank\" rel=\"noopener\">Chamas do Destino: Tr\u00eas mulheres cujas hist\u00f3rias se cruzam<\/a> (Sinopse)<br \/>\n<div class=\"pt-cv-wrapper\"><h1 class='pt-cv-heading-container heading1' data-blockid='2ab72430a2'><span class='pt-cv-heading'> \u00daltimas da Novela <\/span><\/h1><div class=\"pt-cv-view pt-cv-grid pt-cv-colsys\" id=\"pt-cv-view-2ab72430a2\"><div data-id=\"pt-cv-page-1\" class=\"pt-cv-page\" data-cvc=\"1\"><div class=\"col-md-12 col-sm-12 col-xs-12 pt-cv-content-item pt-cv-1-col\" ><div class='pt-cv-ifield'><h4 class=\"pt-cv-title\"><a href=\"https:\/\/www.tvnovelas.com.br\/tvnews\/chamas-do-destino-iskender-e-preso-apos-denuncia-de-cicek\/\" class=\"_self\" target=\"_self\" >Chamas do Destino: Iskender \u00e9 preso ap\u00f3s den\u00fancia de Cicek<\/a><\/h4><\/div><\/div>\n<div class=\"col-md-12 col-sm-12 col-xs-12 pt-cv-content-item pt-cv-1-col\" ><div class='pt-cv-ifield'><h4 class=\"pt-cv-title\"><a href=\"https:\/\/www.tvnovelas.com.br\/tvnews\/chamas-do-destino-seher-permite-que-cemre-visite-ozan\/\" class=\"_self\" target=\"_self\" >Chamas do Destino: Seher permite que Cemre visite Ozan<\/a><\/h4><\/div><\/div>\n<div class=\"col-md-12 col-sm-12 col-xs-12 pt-cv-content-item pt-cv-1-col\" ><div class='pt-cv-ifield'><h4 class=\"pt-cv-title\"><a href=\"https:\/\/www.tvnovelas.com.br\/tvnews\/chamas-do-destino-iskender-se-torna-a-unica-esperanca-para-salvar-a-vida-de-ozan\/\" class=\"_self\" target=\"_self\" >Chamas do Destino: Iskender se torna a \u00fanica esperan\u00e7a para salvar a vida de Ozan<\/a><\/h4><\/div><\/div><\/div><\/div><\/div><\/p>\n<div style=\"font-size: 150%;\"><h3>Confira tamb\u00e9m<\/h3>\r\n<a href=\"https:\/\/tvnovelas.com.br\/novelas\/\" rel=\"noopener\" target=\"_blank\"><strong>Todos os resumos de novelas<\/strong><\/a><\/br>\r\n<a href=\"https:\/\/www.tvnovelas.com.br\/tvnews\/\" rel=\"noopener\" target=\"_blank\"><strong>\u00daltimas not\u00edcias das novelas<\/strong><\/a><\/br>\r\n<a href=\"https:\/\/www.tvnovelas.com.br\/filmes\/\" target=\"_blank\" rel=\"noopener noreferrer\"><strong>Programa\u00e7\u00e3o de filmes na TV aberta<\/strong><\/a><\/br>\r\n<a href=\"https:\/\/caetenews.com.br\/semana\/filmes-da-globo-na-sessao-da-tarde-desta-semana\/\" target=\"_blank\" rel=\"noopener\"><strong>Confira os filmes da semana na Sess\u00e3o da Tarde<\/strong><\/a><\/br>\r\n<a href=\"https:\/\/classindportal.mj.gov.br\/consulta-filmes\" target=\"_blank\" rel=\"noopener\"><strong>Consulte a classifica\u00e7\u00e3o indicativa dos filmes e novelas<\/strong><\/a><\/br><\/div>\n","protected":false},"excerpt":{"rendered":"<p>Chamas do Destino: Ozan \u00e9 denunciado pelo tio&#8230; Em \ud835\udc02\ud835\udc21\ud835\udc1a\ud835\udc26\ud835\udc1a\ud835\udc2c \ud835\udc1d\ud835\udc28 \ud835\udc03\ud835\udc1e\ud835\udc2c\ud835\udc2d\ud835\udc22\ud835\udc27\ud835\udc28, nesta ter\u00e7a, dia 10, Influenciado por Celebi, o tio de Ozan responsabiliza o pr\u00f3prio&#8230;<\/p>\n","protected":false},"author":1,"featured_media":88806,"comment_status":"closed","ping_status":"closed","sticky":false,"template":"","format":"standard","meta":{"_uf_show_specific_survey":0,"_uf_disable_surveys":false,"_jetpack_memberships_contains_paid_content":false,"footnotes":"","_wp_rev_ctl_limit":""},"categories":[1040,353],"tags":[1041,64,14],"class_list":["post-88803","post","type-post","status-publish","format-standard","has-post-thumbnail","hentry","category-chamas-do-destino","category-resumos-de-novelas","tag-chamas-do-destino","tag-novelas","tag-record","wpcat-1040-id","wpcat-353-id"],"aioseo_notices":[],"jetpack_featured_media_url":"https:\/\/i0.wp.com\/www.tvnovelas.com.br\/tvnews\/wp-content\/uploads\/2026\/03\/12949.jpg?fit=728%2C410&ssl=1","jetpack_shortlink":"https:\/\/wp.me\/pdP2BO-n6j","jetpack_sharing_enabled":true,"_links":{"self":[{"href":"https:\/\/www.tvnovelas.com.br\/tvnews\/wp-json\/wp\/v2\/posts\/88803","targetHints":{"allow":["GET"]}}],"collection":[{"href":"https:\/\/www.tvnovelas.com.br\/tvnews\/wp-json\/wp\/v2\/posts"}],"about":[{"href":"https:\/\/www.tvnovelas.com.br\/tvnews\/wp-json\/wp\/v2\/types\/post"}],"author":[{"embeddable":true,"href":"https:\/\/www.tvnovelas.com.br\/tvnews\/wp-json\/wp\/v2\/users\/1"}],"replies":[{"embeddable":true,"href":"https:\/\/www.tvnovelas.com.br\/tvnews\/wp-json\/wp\/v2\/comments?post=88803"}],"version-history":[{"count":2,"href":"https:\/\/www.tvnovelas.com.br\/tvnews\/wp-json\/wp\/v2\/posts\/88803\/revisions"}],"predecessor-version":[{"id":88807,"href":"https:\/\/www.tvnovelas.com.br\/tvnews\/wp-json\/wp\/v2\/posts\/88803\/revisions\/88807"}],"wp:featuredmedia":[{"embeddable":true,"href":"https:\/\/www.tvnovelas.com.br\/tvnews\/wp-json\/wp\/v2\/media\/88806"}],"wp:attachment":[{"href":"https:\/\/www.tvnovelas.com.br\/tvnews\/wp-json\/wp\/v2\/media?parent=88803"}],"wp:term":[{"taxonomy":"category","embeddable":true,"href":"https:\/\/www.tvnovelas.com.br\/tvnews\/wp-json\/wp\/v2\/categories?post=88803"},{"taxonomy":"post_tag","embeddable":true,"href":"https:\/\/www.tvnovelas.com.br\/tvnews\/wp-json\/wp\/v2\/tags?post=88803"}],"curies":[{"name":"wp","href":"https:\/\/api.w.org\/{rel}","templated":true}]}}