{"id":88809,"date":"2026-03-10T12:51:59","date_gmt":"2026-03-10T15:51:59","guid":{"rendered":"https:\/\/www.tvnovelas.com.br\/tvnews\/?p=88809"},"modified":"2026-03-10T12:51:59","modified_gmt":"2026-03-10T15:51:59","slug":"coracao-de-mae-reha-surpreende-karsu-no-trabalho","status":"publish","type":"post","link":"https:\/\/www.tvnovelas.com.br\/tvnews\/coracao-de-mae-reha-surpreende-karsu-no-trabalho\/","title":{"rendered":"Cora\u00e7\u00e3o de M\u00e3e: Reha surpreende Karsu no trabalho"},"content":{"rendered":"<figure id=\"attachment_88810\" aria-describedby=\"caption-attachment-88810\" style=\"width: 728px\" class=\"wp-caption alignnone\"><img data-recalc-dims=\"1\" decoding=\"async\" class=\"wp-image-88810 size-full\" title=\"(Foto: Record TV\/Cora\u00e7\u00e3o de M\u00e3e )\" src=\"https:\/\/i0.wp.com\/www.tvnovelas.com.br\/tvnews\/wp-content\/uploads\/2026\/03\/12950.jpg?resize=728%2C410&#038;ssl=1\" alt=\"Foto em Cora\u00e7\u00e3o de M\u00e3e: Reha surpreende Karsu no trabalho\" width=\"728\" height=\"410\" srcset=\"https:\/\/i0.wp.com\/www.tvnovelas.com.br\/tvnews\/wp-content\/uploads\/2026\/03\/12950.jpg?w=728&amp;ssl=1 728w, https:\/\/i0.wp.com\/www.tvnovelas.com.br\/tvnews\/wp-content\/uploads\/2026\/03\/12950.jpg?resize=250%2C141&amp;ssl=1 250w\" sizes=\"(max-width: 728px) 100vw, 728px\" \/><figcaption id=\"caption-attachment-88810\" class=\"wp-caption-text\">Cora\u00e7\u00e3o de M\u00e3e: Reha surpreende Karsu no trabalho<\/figcaption><\/figure>\n<p>O cap\u00edtulo de Cora\u00e7\u00e3o de M\u00e3e desta ter\u00e7a, dia 10, Ozan retorna para sua cidade, enquanto Deniz e Atilla vivem mais um momento de cumplicidade. Orientado por \u00c7efi, Atilla recebe instru\u00e7\u00f5es para sustentar o disfarce de escritor e, assim, impressionar Karsu.<\/p>\n<p>Disposto a se aproximar ainda mais, o vizinho se oferece para ajudar a organizar seu espa\u00e7o de trabalho, atitude que desperta a admira\u00e7\u00e3o dela. Apesar da aproxima\u00e7\u00e3o, ele alerta seu fiel ajudante para agir com cautela e manter os vizinhos em seguran\u00e7a.<\/p>\n<p>A rotina da fam\u00edlia tamb\u00e9m passa por mudan\u00e7as importantes. Filiz enfrenta um choque de realidade diante do espelho ao perceber que sua rotina agora \u00e9 dedicada exclusivamente aos cuidados com os netos. Ela se sente envelhecida e questiona seu papel de av\u00f3 em tempo integral.<\/p>\n<p>Karsu leva os filhos para o primeiro dia na nova escola e inicia sua jornada de trabalho, mas Tilsim demonstra s\u00e9rias dificuldades de adapta\u00e7\u00e3o, sentindo-se deslocada na nova escola.<\/p>\n<p>Reha tenta dar um xeque-mate em Filiz pagando a d\u00edvida hospitalar da ex-sogra, acreditando que o gesto pode conquistar a confian\u00e7a dela. O empres\u00e1rio ainda encontra f\u00f4lego para ir ao trabalho de Karsu e tentar uma reconcilia\u00e7\u00e3o, mas o que ele presencia no local o deixa furioso. O reencontro termina em uma discuss\u00e3o acalorada que prova que a paz entre os dois est\u00e1 longe de acontecer.<br \/>\n<!--FIM--><\/p>\n<h2>Saiba mais<\/h2>\n<p><a href=\"https:\/\/tvnovelas.com.br\/novelas\/resumos-de-coracao-de-mae\/\" target=\"_blank\" rel=\"noopener\">Resumos dos cap\u00edtulos da semana de Cora\u00e7\u00e3o de M\u00e3e<\/a><br \/>\n<div class=\"pt-cv-wrapper\"><h1 class='pt-cv-heading-container heading2' data-blockid='dc296283li'><span class='pt-cv-heading'> \u00daltimas da novela <\/span><\/h1><div class=\"pt-cv-view pt-cv-grid pt-cv-colsys\" id=\"pt-cv-view-dc296283li\"><div data-id=\"pt-cv-page-1\" class=\"pt-cv-page\" data-cvc=\"1\"><div class=\"col-md-12 col-sm-12 col-xs-12 pt-cv-content-item pt-cv-1-col\" ><div class='pt-cv-ifield'><h4 class=\"pt-cv-title\"><a href=\"https:\/\/www.tvnovelas.com.br\/tvnews\/coracao-de-mae-atilla-decide-abrir-o-jogo-com-karsu\/\" class=\"_self\" target=\"_self\" >Cora\u00e7\u00e3o de M\u00e3e: Atilla decide abrir o jogo com Karsu<\/a><\/h4><\/div><\/div>\n<div class=\"col-md-12 col-sm-12 col-xs-12 pt-cv-content-item pt-cv-1-col\" ><div class='pt-cv-ifield'><h4 class=\"pt-cv-title\"><a href=\"https:\/\/www.tvnovelas.com.br\/tvnews\/coracao-de-mae-adnan-e-preso-apos-denuncia-de-irmak\/\" class=\"_self\" target=\"_self\" >Em Cora\u00e7\u00e3o de M\u00e3e: Adnan \u00e9 preso ap\u00f3s denuncia de Irmak<\/a><\/h4><\/div><\/div>\n<div class=\"col-md-12 col-sm-12 col-xs-12 pt-cv-content-item pt-cv-1-col\" ><div class='pt-cv-ifield'><h4 class=\"pt-cv-title\"><a href=\"https:\/\/www.tvnovelas.com.br\/tvnews\/coracao-de-mae-atilla-forca-karsu-a-ouvir-suas-explicacoes\/\" class=\"_self\" target=\"_self\" >Cora\u00e7\u00e3o de M\u00e3e: Atilla for\u00e7a Karsu a ouvir suas explica\u00e7\u00f5es<\/a><\/h4><\/div><\/div>\n<div class=\"col-md-12 col-sm-12 col-xs-12 pt-cv-content-item pt-cv-1-col\" ><div class='pt-cv-ifield'><h4 class=\"pt-cv-title\"><a href=\"https:\/\/www.tvnovelas.com.br\/tvnews\/em-coracao-de-mae-nos-capitulos-da-semana-27-4-a-1o-05\/\" class=\"_self\" target=\"_self\" >Em Cora\u00e7\u00e3o de M\u00e3e nos cap\u00edtulos da semana (27\/4 a 1\u00ba\/05)<\/a><\/h4><\/div><\/div>\n<div class=\"col-md-12 col-sm-12 col-xs-12 pt-cv-content-item pt-cv-1-col\" ><div class='pt-cv-ifield'><h4 class=\"pt-cv-title\"><a href=\"https:\/\/www.tvnovelas.com.br\/tvnews\/coracao-de-mae-irmak-volta-para-a-casa-de-adnan\/\" class=\"_self\" target=\"_self\" >Cora\u00e7\u00e3o de M\u00e3e: Irmak volta para a casa de Adnan<\/a><\/h4><\/div><\/div><\/div><\/div><\/div><br \/>\n<strong>Talvez voc\u00ea se interesse tamb\u00e9m<\/strong><br \/>\n<a href=\"https:\/\/pt.wikipedia.org\/wiki\/Sand%C4%B1k_Kokusu\">Cora\u00e7\u00e3o de M\u00e3e, na Wikipedia<\/a><br \/>\n<a href=\"https:\/\/classindportal.mj.gov.br\/consulta-filmes\" target=\"_blank\" rel=\"noopener\">Consulte a classifica\u00e7\u00e3o indicativa das novelas<\/a><\/p>\n<div style=\"font-size: 120%;\"><h3>Confira tamb\u00e9m<\/h3>\r\n<a href=\"https:\/\/tvnovelas.com.br\/novelas\/\" rel=\"noopener\" target=\"_blank\"><strong>Todos os resumos de novelas<\/strong><\/a><\/br>\r\n<a href=\"https:\/\/www.tvnovelas.com.br\/tvnews\/\" rel=\"noopener\" target=\"_blank\"><strong>\u00daltimas not\u00edcias das novelas<\/strong><\/a><\/br>\r\n<a href=\"https:\/\/www.tvnovelas.com.br\/filmes\/\" target=\"_blank\" rel=\"noopener noreferrer\"><strong>Programa\u00e7\u00e3o de filmes na TV aberta<\/strong><\/a><\/br>\r\n<a href=\"https:\/\/caetenews.com.br\/semana\/filmes-da-globo-na-sessao-da-tarde-desta-semana\/\" target=\"_blank\" rel=\"noopener\"><strong>Confira os filmes da semana na Sess\u00e3o da Tarde<\/strong><\/a><\/br>\r\n<a href=\"https:\/\/classindportal.mj.gov.br\/consulta-filmes\" target=\"_blank\" rel=\"noopener\"><strong>Consulte a classifica\u00e7\u00e3o indicativa dos filmes e novelas<\/strong><\/a><\/br><\/div>\n","protected":false},"excerpt":{"rendered":"<p>Cora\u00e7\u00e3o de M\u00e3e: Reha surpreende Karsu no trabalho&#8230; O cap\u00edtulo de Cora\u00e7\u00e3o de M\u00e3e desta ter\u00e7a, dia 10, Ozan retorna para sua cidade, enquanto Deniz e Atilla&#8230;<\/p>\n","protected":false},"author":1,"featured_media":88810,"comment_status":"closed","ping_status":"closed","sticky":false,"template":"","format":"standard","meta":{"_uf_show_specific_survey":0,"_uf_disable_surveys":false,"_jetpack_memberships_contains_paid_content":false,"footnotes":"","_wp_rev_ctl_limit":""},"categories":[1049],"tags":[1048,64,14],"class_list":["post-88809","post","type-post","status-publish","format-standard","has-post-thumbnail","hentry","category-coracao-de-mae","tag-coracao-de-mae","tag-novelas","tag-record","wpcat-1049-id"],"aioseo_notices":[],"jetpack_featured_media_url":"https:\/\/i0.wp.com\/www.tvnovelas.com.br\/tvnews\/wp-content\/uploads\/2026\/03\/12950.jpg?fit=728%2C410&ssl=1","jetpack_shortlink":"https:\/\/wp.me\/pdP2BO-n6p","jetpack_sharing_enabled":true,"_links":{"self":[{"href":"https:\/\/www.tvnovelas.com.br\/tvnews\/wp-json\/wp\/v2\/posts\/88809","targetHints":{"allow":["GET"]}}],"collection":[{"href":"https:\/\/www.tvnovelas.com.br\/tvnews\/wp-json\/wp\/v2\/posts"}],"about":[{"href":"https:\/\/www.tvnovelas.com.br\/tvnews\/wp-json\/wp\/v2\/types\/post"}],"author":[{"embeddable":true,"href":"https:\/\/www.tvnovelas.com.br\/tvnews\/wp-json\/wp\/v2\/users\/1"}],"replies":[{"embeddable":true,"href":"https:\/\/www.tvnovelas.com.br\/tvnews\/wp-json\/wp\/v2\/comments?post=88809"}],"version-history":[{"count":1,"href":"https:\/\/www.tvnovelas.com.br\/tvnews\/wp-json\/wp\/v2\/posts\/88809\/revisions"}],"predecessor-version":[{"id":88811,"href":"https:\/\/www.tvnovelas.com.br\/tvnews\/wp-json\/wp\/v2\/posts\/88809\/revisions\/88811"}],"wp:featuredmedia":[{"embeddable":true,"href":"https:\/\/www.tvnovelas.com.br\/tvnews\/wp-json\/wp\/v2\/media\/88810"}],"wp:attachment":[{"href":"https:\/\/www.tvnovelas.com.br\/tvnews\/wp-json\/wp\/v2\/media?parent=88809"}],"wp:term":[{"taxonomy":"category","embeddable":true,"href":"https:\/\/www.tvnovelas.com.br\/tvnews\/wp-json\/wp\/v2\/categories?post=88809"},{"taxonomy":"post_tag","embeddable":true,"href":"https:\/\/www.tvnovelas.com.br\/tvnews\/wp-json\/wp\/v2\/tags?post=88809"}],"curies":[{"name":"wp","href":"https:\/\/api.w.org\/{rel}","templated":true}]}}