{"id":88815,"date":"2026-03-10T13:46:10","date_gmt":"2026-03-10T16:46:10","guid":{"rendered":"https:\/\/www.tvnovelas.com.br\/tvnews\/?p=88815"},"modified":"2026-03-10T13:46:10","modified_gmt":"2026-03-10T16:46:10","slug":"chamas-do-destino-gunes-nao-se-adapta-a-nova-escola","status":"publish","type":"post","link":"https:\/\/www.tvnovelas.com.br\/tvnews\/chamas-do-destino-gunes-nao-se-adapta-a-nova-escola\/","title":{"rendered":"Chamas do Destino: Gunes n\u00e3o se adapta \u00e0 nova escola"},"content":{"rendered":"<figure id=\"attachment_88816\" aria-describedby=\"caption-attachment-88816\" style=\"width: 728px\" class=\"wp-caption alignnone\"><img data-recalc-dims=\"1\" decoding=\"async\" class=\"wp-image-88816 size-full\" title=\"(Foto: Record\/Chamas do Destino)\" src=\"https:\/\/i0.wp.com\/www.tvnovelas.com.br\/tvnews\/wp-content\/uploads\/2026\/03\/12952.jpg?resize=728%2C410&#038;ssl=1\" alt=\"Foto em Chamas do Destino: Gunes n\u00e3o se adapta \u00e0 nova escola\" width=\"728\" height=\"410\" srcset=\"https:\/\/i0.wp.com\/www.tvnovelas.com.br\/tvnews\/wp-content\/uploads\/2026\/03\/12952.jpg?w=728&amp;ssl=1 728w, https:\/\/i0.wp.com\/www.tvnovelas.com.br\/tvnews\/wp-content\/uploads\/2026\/03\/12952.jpg?resize=250%2C141&amp;ssl=1 250w\" sizes=\"(max-width: 728px) 100vw, 728px\" \/><figcaption id=\"caption-attachment-88816\" class=\"wp-caption-text\">Chamas do Destino: Gunes n\u00e3o se adapta \u00e0 nova escola<\/figcaption><\/figure>\n<p>Em Chamas do Destino, nesta ter\u00e7a, dia 10, no bairro de Yedikule, a pequena Gunes enfrenta seu primeiro dia de aula traum\u00e1tico. A menina briga com as colegas e confessa para a m\u00e3e que &#8220;n\u00e3o quer voltar&#8221; para a nova escola.<\/p>\n<p>Tamb\u00e9m no cap\u00edtulo de hoje, a primeira v\u00edtima do novo plano de vingan\u00e7a de Celebi. O vil\u00e3o manipula Kismet para que ele prejudique o pr\u00f3prio sobrinho, Ozan. O jornalista acaba detido, mobilizando Seher, Cemre e Omer em uma for\u00e7a-tarefa na delegacia para tentar entender qual a den\u00fancia que o levou a pris\u00e3o.<\/p>\n<p>O destino de Ozan vai parar nas m\u00e3os da justi\u00e7a em um julgamento rel\u00e2mpago provocado pela influ\u00eancia de Celebi. Em outra frente de batalha, o empres\u00e1rio se alia a Bulent com o \u00fanico objetivo de atingir Tomris e desestabilizar a guarda de Atlas.<br \/>\n<!--FIM DO POST--><br \/>\n<strong>Saiba mais:<\/strong><br \/>\n<a href=\"https:\/\/wp.me\/pfspD2-VZ\" target=\"_blank\" rel=\"noopener\">Chamas do Destino: Tr\u00eas mulheres cujas hist\u00f3rias se cruzam<\/a> (Sinopse)<br \/>\n<div class=\"pt-cv-wrapper\"><h1 class='pt-cv-heading-container heading1' data-blockid='2ab72430a2'><span class='pt-cv-heading'> \u00daltimas da Novela <\/span><\/h1><div class=\"pt-cv-view pt-cv-grid pt-cv-colsys\" id=\"pt-cv-view-2ab72430a2\"><div data-id=\"pt-cv-page-1\" class=\"pt-cv-page\" data-cvc=\"1\"><div class=\"col-md-12 col-sm-12 col-xs-12 pt-cv-content-item pt-cv-1-col\" ><div class='pt-cv-ifield'><h4 class=\"pt-cv-title\"><a href=\"https:\/\/www.tvnovelas.com.br\/tvnews\/chamas-do-destino-iskender-e-preso-apos-denuncia-de-cicek\/\" class=\"_self\" target=\"_self\" >Chamas do Destino: Iskender \u00e9 preso ap\u00f3s den\u00fancia de Cicek<\/a><\/h4><\/div><\/div>\n<div class=\"col-md-12 col-sm-12 col-xs-12 pt-cv-content-item pt-cv-1-col\" ><div class='pt-cv-ifield'><h4 class=\"pt-cv-title\"><a href=\"https:\/\/www.tvnovelas.com.br\/tvnews\/chamas-do-destino-seher-permite-que-cemre-visite-ozan\/\" class=\"_self\" target=\"_self\" >Chamas do Destino: Seher permite que Cemre visite Ozan<\/a><\/h4><\/div><\/div>\n<div class=\"col-md-12 col-sm-12 col-xs-12 pt-cv-content-item pt-cv-1-col\" ><div class='pt-cv-ifield'><h4 class=\"pt-cv-title\"><a href=\"https:\/\/www.tvnovelas.com.br\/tvnews\/chamas-do-destino-iskender-se-torna-a-unica-esperanca-para-salvar-a-vida-de-ozan\/\" class=\"_self\" target=\"_self\" >Chamas do Destino: Iskender se torna a \u00fanica esperan\u00e7a para salvar a vida de Ozan<\/a><\/h4><\/div><\/div><\/div><\/div><\/div><\/p>\n<div style=\"font-size: 150%;\"><h3>Confira tamb\u00e9m<\/h3>\r\n<a href=\"https:\/\/tvnovelas.com.br\/novelas\/\" rel=\"noopener\" target=\"_blank\"><strong>Todos os resumos de novelas<\/strong><\/a><\/br>\r\n<a href=\"https:\/\/www.tvnovelas.com.br\/tvnews\/\" rel=\"noopener\" target=\"_blank\"><strong>\u00daltimas not\u00edcias das novelas<\/strong><\/a><\/br>\r\n<a href=\"https:\/\/www.tvnovelas.com.br\/filmes\/\" target=\"_blank\" rel=\"noopener noreferrer\"><strong>Programa\u00e7\u00e3o de filmes na TV aberta<\/strong><\/a><\/br>\r\n<a href=\"https:\/\/caetenews.com.br\/semana\/filmes-da-globo-na-sessao-da-tarde-desta-semana\/\" target=\"_blank\" rel=\"noopener\"><strong>Confira os filmes da semana na Sess\u00e3o da Tarde<\/strong><\/a><\/br>\r\n<a href=\"https:\/\/classindportal.mj.gov.br\/consulta-filmes\" target=\"_blank\" rel=\"noopener\"><strong>Consulte a classifica\u00e7\u00e3o indicativa dos filmes e novelas<\/strong><\/a><\/br><\/div>\n","protected":false},"excerpt":{"rendered":"<p>Chamas do Destino: Gunes n\u00e3o se adapta \u00e0 nova escola&#8230; Em Chamas do Destino, nesta ter\u00e7a, dia 10, no bairro de Yedikule, a pequena Gunes enfrenta seu primeiro dia&#8230;.<\/p>\n","protected":false},"author":1,"featured_media":88816,"comment_status":"closed","ping_status":"closed","sticky":false,"template":"","format":"standard","meta":{"_uf_show_specific_survey":0,"_uf_disable_surveys":false,"_jetpack_memberships_contains_paid_content":false,"footnotes":"","_wp_rev_ctl_limit":""},"categories":[1040],"tags":[1041,64,14],"class_list":["post-88815","post","type-post","status-publish","format-standard","has-post-thumbnail","hentry","category-chamas-do-destino","tag-chamas-do-destino","tag-novelas","tag-record","wpcat-1040-id"],"aioseo_notices":[],"jetpack_featured_media_url":"https:\/\/i0.wp.com\/www.tvnovelas.com.br\/tvnews\/wp-content\/uploads\/2026\/03\/12952.jpg?fit=728%2C410&ssl=1","jetpack_shortlink":"https:\/\/wp.me\/pdP2BO-n6v","jetpack_sharing_enabled":true,"_links":{"self":[{"href":"https:\/\/www.tvnovelas.com.br\/tvnews\/wp-json\/wp\/v2\/posts\/88815","targetHints":{"allow":["GET"]}}],"collection":[{"href":"https:\/\/www.tvnovelas.com.br\/tvnews\/wp-json\/wp\/v2\/posts"}],"about":[{"href":"https:\/\/www.tvnovelas.com.br\/tvnews\/wp-json\/wp\/v2\/types\/post"}],"author":[{"embeddable":true,"href":"https:\/\/www.tvnovelas.com.br\/tvnews\/wp-json\/wp\/v2\/users\/1"}],"replies":[{"embeddable":true,"href":"https:\/\/www.tvnovelas.com.br\/tvnews\/wp-json\/wp\/v2\/comments?post=88815"}],"version-history":[{"count":1,"href":"https:\/\/www.tvnovelas.com.br\/tvnews\/wp-json\/wp\/v2\/posts\/88815\/revisions"}],"predecessor-version":[{"id":88817,"href":"https:\/\/www.tvnovelas.com.br\/tvnews\/wp-json\/wp\/v2\/posts\/88815\/revisions\/88817"}],"wp:featuredmedia":[{"embeddable":true,"href":"https:\/\/www.tvnovelas.com.br\/tvnews\/wp-json\/wp\/v2\/media\/88816"}],"wp:attachment":[{"href":"https:\/\/www.tvnovelas.com.br\/tvnews\/wp-json\/wp\/v2\/media?parent=88815"}],"wp:term":[{"taxonomy":"category","embeddable":true,"href":"https:\/\/www.tvnovelas.com.br\/tvnews\/wp-json\/wp\/v2\/categories?post=88815"},{"taxonomy":"post_tag","embeddable":true,"href":"https:\/\/www.tvnovelas.com.br\/tvnews\/wp-json\/wp\/v2\/tags?post=88815"}],"curies":[{"name":"wp","href":"https:\/\/api.w.org\/{rel}","templated":true}]}}