{"id":88837,"date":"2026-03-11T10:14:30","date_gmt":"2026-03-11T13:14:30","guid":{"rendered":"https:\/\/www.tvnovelas.com.br\/tvnews\/?p=88837"},"modified":"2026-03-11T10:14:30","modified_gmt":"2026-03-11T13:14:30","slug":"presente-de-amor-guarda-temporaria-de-valentina-fica-com-fausta","status":"publish","type":"post","link":"https:\/\/www.tvnovelas.com.br\/tvnews\/presente-de-amor-guarda-temporaria-de-valentina-fica-com-fausta\/","title":{"rendered":"Presente de Amor:  Guarda tempor\u00e1ria de Valentina fica com Fausta"},"content":{"rendered":"<figure id=\"attachment_88838\" aria-describedby=\"caption-attachment-88838\" style=\"width: 728px\" class=\"wp-caption alignnone\"><img data-recalc-dims=\"1\" decoding=\"async\" class=\"wp-image-88838 size-full\" title=\"(Foto: SBT\/Televisa\/Presente de Amor)\" src=\"https:\/\/i0.wp.com\/www.tvnovelas.com.br\/tvnews\/wp-content\/uploads\/2026\/03\/12958.jpg?resize=728%2C410&#038;ssl=1\" alt=\"Foto em Presente de Amor: Guarda tempor\u00e1ria de Valentina fica com Fausta\" width=\"728\" height=\"410\" srcset=\"https:\/\/i0.wp.com\/www.tvnovelas.com.br\/tvnews\/wp-content\/uploads\/2026\/03\/12958.jpg?w=728&amp;ssl=1 728w, https:\/\/i0.wp.com\/www.tvnovelas.com.br\/tvnews\/wp-content\/uploads\/2026\/03\/12958.jpg?resize=250%2C141&amp;ssl=1 250w\" sizes=\"(max-width: 728px) 100vw, 728px\" \/><figcaption id=\"caption-attachment-88838\" class=\"wp-caption-text\">Presente de Amor: Guarda tempor\u00e1ria de Valentina fica com Fausta<\/figcaption><\/figure>\n<p>No cap\u00edtulo de Presente de Amor desta quarta, dia 11, Petra finge ser v\u00edtima na audi\u00eancia e afirma que foi pressionada por Eug\u00eanio a assinar o acordo, dizendo que quer recuperar Valentina. Mas, descobre-se que Fausta subornou Petra com mais dinheiro e a\u00e7\u00f5es para que ela tra\u00edsse Eug\u00eanio.<\/p>\n<p>Valentina entra na sala da audi\u00eancia e corre para Isabella, chamando-a de m\u00e3e. A ju\u00edza decide que, enquanto a investiga\u00e7\u00e3o de maus-tratos continua, Valentina ficar\u00e1 em um abrigo e s\u00f3 poder\u00e1 receber visitas supervisionadas.<\/p>\n<p>A advogada diz que Isabella e Eug\u00eanio precisam de mais provas de que Petra maltratou e abandonou a filha; caso contr\u00e1rio, Petra pode conseguir a guarda. Fausta tenta chantagear Eug\u00eanio, dizendo que far\u00e1 Petra retirar a a\u00e7\u00e3o se ele deixar Isabella; ele se recusa.<\/p>\n<p>\u00darsula lembra que Valentina \u00e9 herdeira da fortuna dos De la Vega, aumentando a disputa pela guarda. Guarda tempor\u00e1ria de Valentina fica com Fausta. Petra fica furiosa e acusa a m\u00e3e de trai\u00e7\u00e3o, enquanto Isabella e Eug\u00eanio continuam lutando para recuperar Valentina.<br \/>\n<div class=\"pt-cv-wrapper\"><h2 class='pt-cv-heading-container heading2' data-blockid='ab488fdp2g'><span class='pt-cv-heading'> \u00daltimas da Novela <\/span><\/h2><div class=\"pt-cv-view pt-cv-grid pt-cv-colsys\" id=\"pt-cv-view-ab488fdp2g\"><div data-id=\"pt-cv-page-1\" class=\"pt-cv-page\" data-cvc=\"1\"><div class=\"col-md-12 col-sm-12 col-xs-12 pt-cv-content-item pt-cv-1-col\" ><div class='pt-cv-ifield'><h4 class=\"pt-cv-title\"><a href=\"https:\/\/www.tvnovelas.com.br\/tvnews\/a-mar-estrela-reune-moradores-para-barrar-maquinario-de-sergio\/\" class=\"_self\" target=\"_self\" >A.Mar: Estrela re\u00fane moradores para barrar m\u00e1quin\u00e1rio de S\u00e9rgio<\/a><\/h4><\/div><\/div>\n<div class=\"col-md-12 col-sm-12 col-xs-12 pt-cv-content-item pt-cv-1-col\" ><div class='pt-cv-ifield'><h4 class=\"pt-cv-title\"><a href=\"https:\/\/www.tvnovelas.com.br\/tvnews\/a-mar-erika-inocenta-fabian-e-ulises\/\" class=\"_self\" target=\"_self\" >A.Mar: \u00c9rika inocenta Fabian e Ulises<\/a><\/h4><\/div><\/div>\n<div class=\"col-md-12 col-sm-12 col-xs-12 pt-cv-content-item pt-cv-1-col\" ><div class='pt-cv-ifield'><h4 class=\"pt-cv-title\"><a href=\"https:\/\/www.tvnovelas.com.br\/tvnews\/a-mar-erika-confessa-a-fabian-que-mentiu-sobre-gravidez\/\" class=\"_self\" target=\"_self\" >A.Mar: \u00c9rika confessa a Fabian que mentiu sobre gravidez<\/a><\/h4><\/div><\/div><\/div><\/div><\/div><\/p>\n<div style=\"font-size: 120%;\"><h3>Confira tamb\u00e9m<\/h3>\r\n<a href=\"https:\/\/tvnovelas.com.br\/novelas\/\" rel=\"noopener\" target=\"_blank\"><strong>Todos os resumos de novelas<\/strong><\/a><\/br>\r\n<a href=\"https:\/\/www.tvnovelas.com.br\/tvnews\/\" rel=\"noopener\" target=\"_blank\"><strong>\u00daltimas not\u00edcias das novelas<\/strong><\/a><\/br>\r\n<a href=\"https:\/\/www.tvnovelas.com.br\/filmes\/\" target=\"_blank\" rel=\"noopener noreferrer\"><strong>Programa\u00e7\u00e3o de filmes na TV aberta<\/strong><\/a><\/br>\r\n<a href=\"https:\/\/caetenews.com.br\/semana\/filmes-da-globo-na-sessao-da-tarde-desta-semana\/\" target=\"_blank\" rel=\"noopener\"><strong>Confira os filmes da semana na Sess\u00e3o da Tarde<\/strong><\/a><\/br>\r\n<a href=\"https:\/\/classindportal.mj.gov.br\/consulta-filmes\" target=\"_blank\" rel=\"noopener\"><strong>Consulte a classifica\u00e7\u00e3o indicativa dos filmes e novelas<\/strong><\/a><\/br><\/div>\n","protected":false},"excerpt":{"rendered":"<p>Presente de Amor:  Guarda tempor\u00e1ria de Valentina&#8230;  No cap\u00edtulo de Presente de Amor desta quarta, dia 11, Petra finge ser v\u00edtima na audi\u00eancia e afirma&#8230; <\/p>\n","protected":false},"author":1,"featured_media":88838,"comment_status":"closed","ping_status":"closed","sticky":false,"template":"","format":"standard","meta":{"_uf_show_specific_survey":0,"_uf_disable_surveys":false,"_jetpack_memberships_contains_paid_content":false,"footnotes":"","_wp_rev_ctl_limit":""},"categories":[1044],"tags":[64,1045,13],"class_list":["post-88837","post","type-post","status-publish","format-standard","has-post-thumbnail","hentry","category-presente-de-amor","tag-novelas","tag-presente-de-amor","tag-sbt","wpcat-1044-id"],"aioseo_notices":[],"jetpack_featured_media_url":"https:\/\/i0.wp.com\/www.tvnovelas.com.br\/tvnews\/wp-content\/uploads\/2026\/03\/12958.jpg?fit=728%2C410&ssl=1","jetpack_shortlink":"https:\/\/wp.me\/pdP2BO-n6R","jetpack_sharing_enabled":true,"_links":{"self":[{"href":"https:\/\/www.tvnovelas.com.br\/tvnews\/wp-json\/wp\/v2\/posts\/88837","targetHints":{"allow":["GET"]}}],"collection":[{"href":"https:\/\/www.tvnovelas.com.br\/tvnews\/wp-json\/wp\/v2\/posts"}],"about":[{"href":"https:\/\/www.tvnovelas.com.br\/tvnews\/wp-json\/wp\/v2\/types\/post"}],"author":[{"embeddable":true,"href":"https:\/\/www.tvnovelas.com.br\/tvnews\/wp-json\/wp\/v2\/users\/1"}],"replies":[{"embeddable":true,"href":"https:\/\/www.tvnovelas.com.br\/tvnews\/wp-json\/wp\/v2\/comments?post=88837"}],"version-history":[{"count":1,"href":"https:\/\/www.tvnovelas.com.br\/tvnews\/wp-json\/wp\/v2\/posts\/88837\/revisions"}],"predecessor-version":[{"id":88839,"href":"https:\/\/www.tvnovelas.com.br\/tvnews\/wp-json\/wp\/v2\/posts\/88837\/revisions\/88839"}],"wp:featuredmedia":[{"embeddable":true,"href":"https:\/\/www.tvnovelas.com.br\/tvnews\/wp-json\/wp\/v2\/media\/88838"}],"wp:attachment":[{"href":"https:\/\/www.tvnovelas.com.br\/tvnews\/wp-json\/wp\/v2\/media?parent=88837"}],"wp:term":[{"taxonomy":"category","embeddable":true,"href":"https:\/\/www.tvnovelas.com.br\/tvnews\/wp-json\/wp\/v2\/categories?post=88837"},{"taxonomy":"post_tag","embeddable":true,"href":"https:\/\/www.tvnovelas.com.br\/tvnews\/wp-json\/wp\/v2\/tags?post=88837"}],"curies":[{"name":"wp","href":"https:\/\/api.w.org\/{rel}","templated":true}]}}