{"id":88883,"date":"2026-03-12T19:51:59","date_gmt":"2026-03-12T22:51:59","guid":{"rendered":"https:\/\/www.tvnovelas.com.br\/tvnews\/?p=88883"},"modified":"2026-03-12T19:51:59","modified_gmt":"2026-03-12T22:51:59","slug":"presente-de-amor-isabella-desaparece-com-valentina","status":"publish","type":"post","link":"https:\/\/www.tvnovelas.com.br\/tvnews\/presente-de-amor-isabella-desaparece-com-valentina\/","title":{"rendered":"Presente de Amor:  Isabella desaparece com Valentina"},"content":{"rendered":"<figure id=\"attachment_88884\" aria-describedby=\"caption-attachment-88884\" style=\"width: 725px\" class=\"wp-caption alignnone\"><img data-recalc-dims=\"1\" decoding=\"async\" class=\"wp-image-88884 size-full\" title=\"(Foto: SBT\/Televisa\/Presente de Amor)\" src=\"https:\/\/i0.wp.com\/www.tvnovelas.com.br\/tvnews\/wp-content\/uploads\/2026\/03\/12967.jpg?resize=725%2C410&#038;ssl=1\" alt=\"Foto em Presente de Amor: Isabella desaparece com Valentina\" width=\"725\" height=\"410\" srcset=\"https:\/\/i0.wp.com\/www.tvnovelas.com.br\/tvnews\/wp-content\/uploads\/2026\/03\/12967.jpg?w=725&amp;ssl=1 725w, https:\/\/i0.wp.com\/www.tvnovelas.com.br\/tvnews\/wp-content\/uploads\/2026\/03\/12967.jpg?resize=250%2C141&amp;ssl=1 250w\" sizes=\"(max-width: 725px) 100vw, 725px\" \/><figcaption id=\"caption-attachment-88884\" class=\"wp-caption-text\">Presente de Amor: Isabella desaparece com Valentina<\/figcaption><\/figure>\n<p>No cap\u00edtulo de Presente de Amor desta quinta, dia 12, Isabella teme que seu relacionamento com Eug\u00eanio tenha influenciado a decis\u00e3o judicial que concedeu a guarda de Valentina a Fausta e decide terminar o namoro para proteger a filha, apesar dos apelos dele.<\/p>\n<p>Fausta amea\u00e7a prejudicar Isabella e a menina caso o relacionamento entre eles continue e ainda planeja afast\u00e1-la de Eug\u00eanio, pedindo a \u00darsula que conven\u00e7a Jer\u00f3nimo a lhe oferecer um emprego na cidade.<\/p>\n<p>A ju\u00edza concede a guarda definitiva de Valentina a Fausta, que tamb\u00e9m revela a inten\u00e7\u00e3o de enviar a menina para um internato na Su\u00ed\u00e7a.<\/p>\n<p>Ao descobrir que Jer\u00f3nimo \u00e9 primo de \u00darsula e s\u00f3cio de Eug\u00eanio, Isabella desconfia da proposta de trabalho e a recusa. Eug\u00eanio enfrenta a m\u00e3e e afirma que continuar\u00e1 lutando por Isabella e para que Valentina veja a m\u00e3e, mas Fausta amea\u00e7a pedir uma ordem de restri\u00e7\u00e3o.<\/p>\n<p>Enquanto Samuel passa a seguir Eug\u00eanio por ordem de Fausta, Isabella desaparece com Valentina. Eug\u00eanio pede ajuda para encontr\u00e1-las, e Fausta amea\u00e7a denunci\u00e1-la \u00e0 pol\u00edcia caso n\u00e3o reapare\u00e7am em 24 horas.<\/p>\n<p>O agente Quintero informa que j\u00e1 h\u00e1 uma den\u00fancia pelo desaparecimento da menina.<br \/>\n<div class=\"pt-cv-wrapper\"><h2 class='pt-cv-heading-container heading2' data-blockid='ab488fdp2g'><span class='pt-cv-heading'> \u00daltimas da Novela <\/span><\/h2><div class=\"pt-cv-view pt-cv-grid pt-cv-colsys\" id=\"pt-cv-view-ab488fdp2g\"><div data-id=\"pt-cv-page-1\" class=\"pt-cv-page\" data-cvc=\"1\"><div class=\"col-md-12 col-sm-12 col-xs-12 pt-cv-content-item pt-cv-1-col\" ><div class='pt-cv-ifield'><h4 class=\"pt-cv-title\"><a href=\"https:\/\/www.tvnovelas.com.br\/tvnews\/a-mar-estrela-reune-moradores-para-barrar-maquinario-de-sergio\/\" class=\"_self\" target=\"_self\" >A.Mar: Estrela re\u00fane moradores para barrar m\u00e1quin\u00e1rio de S\u00e9rgio<\/a><\/h4><\/div><\/div>\n<div class=\"col-md-12 col-sm-12 col-xs-12 pt-cv-content-item pt-cv-1-col\" ><div class='pt-cv-ifield'><h4 class=\"pt-cv-title\"><a href=\"https:\/\/www.tvnovelas.com.br\/tvnews\/a-mar-erika-inocenta-fabian-e-ulises\/\" class=\"_self\" target=\"_self\" >A.Mar: \u00c9rika inocenta Fabian e Ulises<\/a><\/h4><\/div><\/div>\n<div class=\"col-md-12 col-sm-12 col-xs-12 pt-cv-content-item pt-cv-1-col\" ><div class='pt-cv-ifield'><h4 class=\"pt-cv-title\"><a href=\"https:\/\/www.tvnovelas.com.br\/tvnews\/a-mar-erika-confessa-a-fabian-que-mentiu-sobre-gravidez\/\" class=\"_self\" target=\"_self\" >A.Mar: \u00c9rika confessa a Fabian que mentiu sobre gravidez<\/a><\/h4><\/div><\/div><\/div><\/div><\/div><\/p>\n<div style=\"font-size: 120%;\"><h3>Confira tamb\u00e9m<\/h3>\r\n<a href=\"https:\/\/tvnovelas.com.br\/novelas\/\" rel=\"noopener\" target=\"_blank\"><strong>Todos os resumos de novelas<\/strong><\/a><\/br>\r\n<a href=\"https:\/\/www.tvnovelas.com.br\/tvnews\/\" rel=\"noopener\" target=\"_blank\"><strong>\u00daltimas not\u00edcias das novelas<\/strong><\/a><\/br>\r\n<a href=\"https:\/\/www.tvnovelas.com.br\/filmes\/\" target=\"_blank\" rel=\"noopener noreferrer\"><strong>Programa\u00e7\u00e3o de filmes na TV aberta<\/strong><\/a><\/br>\r\n<a href=\"https:\/\/caetenews.com.br\/semana\/filmes-da-globo-na-sessao-da-tarde-desta-semana\/\" target=\"_blank\" rel=\"noopener\"><strong>Confira os filmes da semana na Sess\u00e3o da Tarde<\/strong><\/a><\/br>\r\n<a href=\"https:\/\/classindportal.mj.gov.br\/consulta-filmes\" target=\"_blank\" rel=\"noopener\"><strong>Consulte a classifica\u00e7\u00e3o indicativa dos filmes e novelas<\/strong><\/a><\/br><\/div>\n","protected":false},"excerpt":{"rendered":"<p>Presente de Amor:  Isabella desaparece com Valentina&#8230; No cap\u00edtulo de Presente de Amor desta quinta, dia 12, Isabella teme que seu relacionamento&#8230;<\/p>\n","protected":false},"author":1,"featured_media":88884,"comment_status":"closed","ping_status":"closed","sticky":false,"template":"","format":"standard","meta":{"_uf_show_specific_survey":0,"_uf_disable_surveys":false,"_jetpack_memberships_contains_paid_content":false,"footnotes":"","_wp_rev_ctl_limit":""},"categories":[1044],"tags":[64,1045,13],"class_list":["post-88883","post","type-post","status-publish","format-standard","has-post-thumbnail","hentry","category-presente-de-amor","tag-novelas","tag-presente-de-amor","tag-sbt","wpcat-1044-id"],"aioseo_notices":[],"jetpack_featured_media_url":"https:\/\/i0.wp.com\/www.tvnovelas.com.br\/tvnews\/wp-content\/uploads\/2026\/03\/12967.jpg?fit=725%2C410&ssl=1","jetpack_shortlink":"https:\/\/wp.me\/pdP2BO-n7B","jetpack_sharing_enabled":true,"_links":{"self":[{"href":"https:\/\/www.tvnovelas.com.br\/tvnews\/wp-json\/wp\/v2\/posts\/88883","targetHints":{"allow":["GET"]}}],"collection":[{"href":"https:\/\/www.tvnovelas.com.br\/tvnews\/wp-json\/wp\/v2\/posts"}],"about":[{"href":"https:\/\/www.tvnovelas.com.br\/tvnews\/wp-json\/wp\/v2\/types\/post"}],"author":[{"embeddable":true,"href":"https:\/\/www.tvnovelas.com.br\/tvnews\/wp-json\/wp\/v2\/users\/1"}],"replies":[{"embeddable":true,"href":"https:\/\/www.tvnovelas.com.br\/tvnews\/wp-json\/wp\/v2\/comments?post=88883"}],"version-history":[{"count":2,"href":"https:\/\/www.tvnovelas.com.br\/tvnews\/wp-json\/wp\/v2\/posts\/88883\/revisions"}],"predecessor-version":[{"id":88886,"href":"https:\/\/www.tvnovelas.com.br\/tvnews\/wp-json\/wp\/v2\/posts\/88883\/revisions\/88886"}],"wp:featuredmedia":[{"embeddable":true,"href":"https:\/\/www.tvnovelas.com.br\/tvnews\/wp-json\/wp\/v2\/media\/88884"}],"wp:attachment":[{"href":"https:\/\/www.tvnovelas.com.br\/tvnews\/wp-json\/wp\/v2\/media?parent=88883"}],"wp:term":[{"taxonomy":"category","embeddable":true,"href":"https:\/\/www.tvnovelas.com.br\/tvnews\/wp-json\/wp\/v2\/categories?post=88883"},{"taxonomy":"post_tag","embeddable":true,"href":"https:\/\/www.tvnovelas.com.br\/tvnews\/wp-json\/wp\/v2\/tags?post=88883"}],"curies":[{"name":"wp","href":"https:\/\/api.w.org\/{rel}","templated":true}]}}