{"id":88903,"date":"2026-03-13T10:34:14","date_gmt":"2026-03-13T13:34:14","guid":{"rendered":"https:\/\/www.tvnovelas.com.br\/tvnews\/?p=88903"},"modified":"2026-03-13T10:34:14","modified_gmt":"2026-03-13T13:34:14","slug":"coracao-de-mae-karsu-aceita-segundo-emprego-para-pagar-creche","status":"publish","type":"post","link":"https:\/\/www.tvnovelas.com.br\/tvnews\/coracao-de-mae-karsu-aceita-segundo-emprego-para-pagar-creche\/","title":{"rendered":"Cora\u00e7\u00e3o de M\u00e3e: Karsu aceita segundo emprego para pagar creche"},"content":{"rendered":"<figure id=\"attachment_88904\" aria-describedby=\"caption-attachment-88904\" style=\"width: 728px\" class=\"wp-caption alignnone\"><img data-recalc-dims=\"1\" decoding=\"async\" class=\"wp-image-88904 size-full\" title=\"(Foto: Record TV\/Cora\u00e7\u00e3o de M\u00e3e )\" src=\"https:\/\/i0.wp.com\/www.tvnovelas.com.br\/tvnews\/wp-content\/uploads\/2026\/03\/12971.jpg?resize=728%2C410&#038;ssl=1\" alt=\"Foto em Cora\u00e7\u00e3o de M\u00e3e: Karsu aceita segundo emprego para pagar creche\" width=\"728\" height=\"410\" srcset=\"https:\/\/i0.wp.com\/www.tvnovelas.com.br\/tvnews\/wp-content\/uploads\/2026\/03\/12971.jpg?w=728&amp;ssl=1 728w, https:\/\/i0.wp.com\/www.tvnovelas.com.br\/tvnews\/wp-content\/uploads\/2026\/03\/12971.jpg?resize=250%2C141&amp;ssl=1 250w\" sizes=\"(max-width: 728px) 100vw, 728px\" \/><figcaption id=\"caption-attachment-88904\" class=\"wp-caption-text\">Cora\u00e7\u00e3o de M\u00e3e: Karsu aceita segundo emprego para pagar creche<\/figcaption><\/figure>\n<p>Em Cora\u00e7\u00e3o de M\u00e3e, Filiz, que vem cuidando da filha mais nova de Karsu, Selin, come\u00e7ou a se cansar da situa\u00e7\u00e3o. Quando Karsu percebu que sua m\u00e3e n\u00e3o podia mais cuidar de Selin, decide matricul\u00e1-la em uma creche<\/p>\n<p>O problema \u00e9 que as mensalidades excedem seu or\u00e7amento. Para complementar a renda, Karsu passa a limpar a creche \u00e0 noite.<\/p>\n<p>Filiz, tamb\u00e9m enfrentando dificuldades financeiras, decide se tornar gerente depois de ouvir falar dos sal\u00e1rios dos administradores do pr\u00e9dio. A tentativa de Filiz de manipular o sistema para ganhar votos \u00e9 a grande atra\u00e7\u00e3o. Ela passa a provocar pequenos problemas no condom\u00ednio sem levantar suspeitas.<\/p>\n<h2 style=\"color: #da4848;\">Resumo de sexta-feira, 13 de mar\u00e7o<\/h2>\n<p>Com muitas despesas, Karsu decide aceitar um segundo trabalho para conseguir pagar a creche de Selin. A d\u00edvida hospitalar paga por Reha vem \u00e0 tona, desgastando ainda mais sua rela\u00e7\u00e3o de Karsu e Filiz. Durante uma liga\u00e7\u00e3o com Tilsim, o ex-marido faz quest\u00e3o de ostentar que tem dinheiro para realizar todos os desejos dos filhos, alimentando ainda mais o conflito entre eles. No Recanto do Para\u00edso, Filiz se anima com a possibilidade se tornar s\u00edndica ao descobrir o valor do sal\u00e1rio. Disposta a conquistar o apoio dos moradores, ela passa a provocar pequenos problemas no condom\u00ednio sem levantar suspeitas. Ozan conta a Deniz que conseguiu um emprego e que em breve estar\u00e1 em Istambul, reacendendo a esperan\u00e7a do menino. Deniz pede \u00e0 m\u00e3e para ir at\u00e9 a casa de Atilla. Karsu o acompanha sem imaginar que os capangas do homem precisam se esconder \u00e0s pressas. No dia seguinte, Reha leva os filhos para um passeio no aqu\u00e1rio, mas passa por um susto ao perder Deniz de vista. Enquanto isso, Atilla visita o pai na pris\u00e3o e recebe dele uma nova miss\u00e3o que pode trazer ainda mais tens\u00e3o para sua vida.<br \/>\n<!--FIM--><\/p>\n<h2>Saiba mais<\/h2>\n<p><a href=\"https:\/\/tvnovelas.com.br\/novelas\/resumos-de-coracao-de-mae\/\" target=\"_blank\" rel=\"noopener\">Resumos dos cap\u00edtulos da semana de Cora\u00e7\u00e3o de M\u00e3e<\/a><br \/>\n<div class=\"pt-cv-wrapper\"><h1 class='pt-cv-heading-container heading2' data-blockid='dc296283li'><span class='pt-cv-heading'> \u00daltimas da novela <\/span><\/h1><div class=\"pt-cv-view pt-cv-grid pt-cv-colsys\" id=\"pt-cv-view-dc296283li\"><div data-id=\"pt-cv-page-1\" class=\"pt-cv-page\" data-cvc=\"1\"><div class=\"col-md-12 col-sm-12 col-xs-12 pt-cv-content-item pt-cv-1-col\" ><div class='pt-cv-ifield'><h4 class=\"pt-cv-title\"><a href=\"https:\/\/www.tvnovelas.com.br\/tvnews\/coracao-de-mae-atilla-decide-abrir-o-jogo-com-karsu\/\" class=\"_self\" target=\"_self\" >Cora\u00e7\u00e3o de M\u00e3e: Atilla decide abrir o jogo com Karsu<\/a><\/h4><\/div><\/div>\n<div class=\"col-md-12 col-sm-12 col-xs-12 pt-cv-content-item pt-cv-1-col\" ><div class='pt-cv-ifield'><h4 class=\"pt-cv-title\"><a href=\"https:\/\/www.tvnovelas.com.br\/tvnews\/coracao-de-mae-adnan-e-preso-apos-denuncia-de-irmak\/\" class=\"_self\" target=\"_self\" >Em Cora\u00e7\u00e3o de M\u00e3e: Adnan \u00e9 preso ap\u00f3s denuncia de Irmak<\/a><\/h4><\/div><\/div>\n<div class=\"col-md-12 col-sm-12 col-xs-12 pt-cv-content-item pt-cv-1-col\" ><div class='pt-cv-ifield'><h4 class=\"pt-cv-title\"><a href=\"https:\/\/www.tvnovelas.com.br\/tvnews\/coracao-de-mae-atilla-forca-karsu-a-ouvir-suas-explicacoes\/\" class=\"_self\" target=\"_self\" >Cora\u00e7\u00e3o de M\u00e3e: Atilla for\u00e7a Karsu a ouvir suas explica\u00e7\u00f5es<\/a><\/h4><\/div><\/div>\n<div class=\"col-md-12 col-sm-12 col-xs-12 pt-cv-content-item pt-cv-1-col\" ><div class='pt-cv-ifield'><h4 class=\"pt-cv-title\"><a href=\"https:\/\/www.tvnovelas.com.br\/tvnews\/em-coracao-de-mae-nos-capitulos-da-semana-27-4-a-1o-05\/\" class=\"_self\" target=\"_self\" >Em Cora\u00e7\u00e3o de M\u00e3e nos cap\u00edtulos da semana (27\/4 a 1\u00ba\/05)<\/a><\/h4><\/div><\/div>\n<div class=\"col-md-12 col-sm-12 col-xs-12 pt-cv-content-item pt-cv-1-col\" ><div class='pt-cv-ifield'><h4 class=\"pt-cv-title\"><a href=\"https:\/\/www.tvnovelas.com.br\/tvnews\/coracao-de-mae-irmak-volta-para-a-casa-de-adnan\/\" class=\"_self\" target=\"_self\" >Cora\u00e7\u00e3o de M\u00e3e: Irmak volta para a casa de Adnan<\/a><\/h4><\/div><\/div><\/div><\/div><\/div><br \/>\n<strong>Talvez voc\u00ea se interesse tamb\u00e9m<\/strong><br \/>\n<a href=\"https:\/\/pt.wikipedia.org\/wiki\/Sand%C4%B1k_Kokusu\">Cora\u00e7\u00e3o de M\u00e3e, na Wikipedia<\/a><br \/>\n<a href=\"https:\/\/classindportal.mj.gov.br\/consulta-filmes\" target=\"_blank\" rel=\"noopener\">Consulte a classifica\u00e7\u00e3o indicativa das novelas<\/a><\/p>\n<div style=\"font-size: 120%;\"><h3>Confira tamb\u00e9m<\/h3>\r\n<a href=\"https:\/\/tvnovelas.com.br\/novelas\/\" rel=\"noopener\" target=\"_blank\"><strong>Todos os resumos de novelas<\/strong><\/a><\/br>\r\n<a href=\"https:\/\/www.tvnovelas.com.br\/tvnews\/\" rel=\"noopener\" target=\"_blank\"><strong>\u00daltimas not\u00edcias das novelas<\/strong><\/a><\/br>\r\n<a href=\"https:\/\/www.tvnovelas.com.br\/filmes\/\" target=\"_blank\" rel=\"noopener noreferrer\"><strong>Programa\u00e7\u00e3o de filmes na TV aberta<\/strong><\/a><\/br>\r\n<a href=\"https:\/\/caetenews.com.br\/semana\/filmes-da-globo-na-sessao-da-tarde-desta-semana\/\" target=\"_blank\" rel=\"noopener\"><strong>Confira os filmes da semana na Sess\u00e3o da Tarde<\/strong><\/a><\/br>\r\n<a href=\"https:\/\/classindportal.mj.gov.br\/consulta-filmes\" target=\"_blank\" rel=\"noopener\"><strong>Consulte a classifica\u00e7\u00e3o indicativa dos filmes e novelas<\/strong><\/a><\/br><\/div>\n","protected":false},"excerpt":{"rendered":"<p>Cora\u00e7\u00e3o de M\u00e3e: Karsu aceita segundo emprego para pagar creche&#8230; Em Cora\u00e7\u00e3o de M\u00e3e, Filiz, que vem cuidando da filha mais nova de Karsu, Selin, come\u00e7ou&#8230;<\/p>\n","protected":false},"author":1,"featured_media":88904,"comment_status":"closed","ping_status":"closed","sticky":false,"template":"","format":"standard","meta":{"_uf_show_specific_survey":0,"_uf_disable_surveys":false,"_jetpack_memberships_contains_paid_content":false,"footnotes":"","_wp_rev_ctl_limit":""},"categories":[1049,353],"tags":[1048,64,14],"class_list":["post-88903","post","type-post","status-publish","format-standard","has-post-thumbnail","hentry","category-coracao-de-mae","category-resumos-de-novelas","tag-coracao-de-mae","tag-novelas","tag-record","wpcat-1049-id","wpcat-353-id"],"aioseo_notices":[],"jetpack_featured_media_url":"https:\/\/i0.wp.com\/www.tvnovelas.com.br\/tvnews\/wp-content\/uploads\/2026\/03\/12971.jpg?fit=728%2C410&ssl=1","jetpack_shortlink":"https:\/\/wp.me\/pdP2BO-n7V","jetpack_sharing_enabled":true,"_links":{"self":[{"href":"https:\/\/www.tvnovelas.com.br\/tvnews\/wp-json\/wp\/v2\/posts\/88903","targetHints":{"allow":["GET"]}}],"collection":[{"href":"https:\/\/www.tvnovelas.com.br\/tvnews\/wp-json\/wp\/v2\/posts"}],"about":[{"href":"https:\/\/www.tvnovelas.com.br\/tvnews\/wp-json\/wp\/v2\/types\/post"}],"author":[{"embeddable":true,"href":"https:\/\/www.tvnovelas.com.br\/tvnews\/wp-json\/wp\/v2\/users\/1"}],"replies":[{"embeddable":true,"href":"https:\/\/www.tvnovelas.com.br\/tvnews\/wp-json\/wp\/v2\/comments?post=88903"}],"version-history":[{"count":2,"href":"https:\/\/www.tvnovelas.com.br\/tvnews\/wp-json\/wp\/v2\/posts\/88903\/revisions"}],"predecessor-version":[{"id":88906,"href":"https:\/\/www.tvnovelas.com.br\/tvnews\/wp-json\/wp\/v2\/posts\/88903\/revisions\/88906"}],"wp:featuredmedia":[{"embeddable":true,"href":"https:\/\/www.tvnovelas.com.br\/tvnews\/wp-json\/wp\/v2\/media\/88904"}],"wp:attachment":[{"href":"https:\/\/www.tvnovelas.com.br\/tvnews\/wp-json\/wp\/v2\/media?parent=88903"}],"wp:term":[{"taxonomy":"category","embeddable":true,"href":"https:\/\/www.tvnovelas.com.br\/tvnews\/wp-json\/wp\/v2\/categories?post=88903"},{"taxonomy":"post_tag","embeddable":true,"href":"https:\/\/www.tvnovelas.com.br\/tvnews\/wp-json\/wp\/v2\/tags?post=88903"}],"curies":[{"name":"wp","href":"https:\/\/api.w.org\/{rel}","templated":true}]}}