{"id":88917,"date":"2026-03-13T18:22:02","date_gmt":"2026-03-13T21:22:02","guid":{"rendered":"https:\/\/www.tvnovelas.com.br\/tvnews\/?p=88917"},"modified":"2026-03-13T18:22:02","modified_gmt":"2026-03-13T21:22:02","slug":"presente-de-amor-isabella-e-presa-fausta-protege-eugenio","status":"publish","type":"post","link":"https:\/\/www.tvnovelas.com.br\/tvnews\/presente-de-amor-isabella-e-presa-fausta-protege-eugenio\/","title":{"rendered":"Presente de Amor:  Isabella \u00e9 presa; Fausta protege Eug\u00eanio"},"content":{"rendered":"<p><figure id=\"attachment_88918\" aria-describedby=\"caption-attachment-88918\" style=\"width: 727px\" class=\"wp-caption alignnone\"><img data-recalc-dims=\"1\" decoding=\"async\" src=\"https:\/\/i0.wp.com\/www.tvnovelas.com.br\/tvnews\/wp-content\/uploads\/2026\/03\/12974.jpg?resize=727%2C410&#038;ssl=1\" alt=\"Foto em Presente de Amor:  Isabella \u00e9 presa; Fausta protege Eug\u00eanio\" width=\"727\" height=\"410\" class=\"size-full wp-image-88918\" srcset=\"https:\/\/i0.wp.com\/www.tvnovelas.com.br\/tvnews\/wp-content\/uploads\/2026\/03\/12974.jpg?w=727&amp;ssl=1 727w, https:\/\/i0.wp.com\/www.tvnovelas.com.br\/tvnews\/wp-content\/uploads\/2026\/03\/12974.jpg?resize=250%2C141&amp;ssl=1 250w\" sizes=\"(max-width: 727px) 100vw, 727px\" \/><figcaption id=\"caption-attachment-88918\" class=\"wp-caption-text\">Presente de Amor:  Isabella \u00e9 presa; Fausta protege Eug\u00eanio<\/figcaption><\/figure><br \/>\n(Foto: SBT\/Televisa\/Presente de Amor)<br \/>\nNo cap\u00edtulo de Presente de Amor desta sexta, dia 13, O agente Quintero avisa Fausta que Petra denunciou o desaparecimento de Valentina e acusou Isabella de ser a \u00faltima pessoa com a menina. Indignada, Fausta teme que Eug\u00eanio tamb\u00e9m seja preso caso seja encontrado com Isabella. <\/p>\n<p>Mesmo assim, Petra leva o caso \u00e0 imprensa, provocando um esc\u00e2ndalo. Ao ver as not\u00edcias, Isabella passa mal, mas \u00e9 encontrada por Eug\u00eanio, que declara seu amor. Ela conta que desmaiou e deixou Valentina sozinha na cabana. A menina acaba sendo picada por um escorpi\u00e3o e \u00e9 levada ao hospital com febre alta. <\/p>\n<p>Catalina denuncia o paradeiro deles \u00e0 pol\u00edcia, Isabella \u00e9 presa e Eug\u00eanio confronta a fam\u00edlia. Enquanto Fausta tenta proteger o filho e manter Isabella na cadeia, Valentina preocupa a todos no hospital. Diante da situa\u00e7\u00e3o, Eug\u00eanio d\u00e1 um ultimato \u00e0 m\u00e3e: se ela n\u00e3o retirar a den\u00fancia, ele sair\u00e1 de sua vida.<\/p>\n<div class=\"pt-cv-wrapper\"><h2 class='pt-cv-heading-container heading2' data-blockid='ab488fdp2g'><span class='pt-cv-heading'> \u00daltimas da Novela <\/span><\/h2><div class=\"pt-cv-view pt-cv-grid pt-cv-colsys\" id=\"pt-cv-view-ab488fdp2g\"><div data-id=\"pt-cv-page-1\" class=\"pt-cv-page\" data-cvc=\"1\"><div class=\"col-md-12 col-sm-12 col-xs-12 pt-cv-content-item pt-cv-1-col\" ><div class='pt-cv-ifield'><h4 class=\"pt-cv-title\"><a href=\"https:\/\/www.tvnovelas.com.br\/tvnews\/a-mar-estrela-reune-moradores-para-barrar-maquinario-de-sergio\/\" class=\"_self\" target=\"_self\" >A.Mar: Estrela re\u00fane moradores para barrar m\u00e1quin\u00e1rio de S\u00e9rgio<\/a><\/h4><\/div><\/div>\n<div class=\"col-md-12 col-sm-12 col-xs-12 pt-cv-content-item pt-cv-1-col\" ><div class='pt-cv-ifield'><h4 class=\"pt-cv-title\"><a href=\"https:\/\/www.tvnovelas.com.br\/tvnews\/a-mar-erika-inocenta-fabian-e-ulises\/\" class=\"_self\" target=\"_self\" >A.Mar: \u00c9rika inocenta Fabian e Ulises<\/a><\/h4><\/div><\/div>\n<div class=\"col-md-12 col-sm-12 col-xs-12 pt-cv-content-item pt-cv-1-col\" ><div class='pt-cv-ifield'><h4 class=\"pt-cv-title\"><a href=\"https:\/\/www.tvnovelas.com.br\/tvnews\/a-mar-erika-confessa-a-fabian-que-mentiu-sobre-gravidez\/\" class=\"_self\" target=\"_self\" >A.Mar: \u00c9rika confessa a Fabian que mentiu sobre gravidez<\/a><\/h4><\/div><\/div><\/div><\/div><\/div>\n<div style=\"font-size: 120%;\"><h3>Confira tamb\u00e9m<\/h3>\r\n<a href=\"https:\/\/tvnovelas.com.br\/novelas\/\" rel=\"noopener\" target=\"_blank\"><strong>Todos os resumos de novelas<\/strong><\/a><\/br>\r\n<a href=\"https:\/\/www.tvnovelas.com.br\/tvnews\/\" rel=\"noopener\" target=\"_blank\"><strong>\u00daltimas not\u00edcias das novelas<\/strong><\/a><\/br>\r\n<a href=\"https:\/\/www.tvnovelas.com.br\/filmes\/\" target=\"_blank\" rel=\"noopener noreferrer\"><strong>Programa\u00e7\u00e3o de filmes na TV aberta<\/strong><\/a><\/br>\r\n<a href=\"https:\/\/caetenews.com.br\/semana\/filmes-da-globo-na-sessao-da-tarde-desta-semana\/\" target=\"_blank\" rel=\"noopener\"><strong>Confira os filmes da semana na Sess\u00e3o da Tarde<\/strong><\/a><\/br>\r\n<a href=\"https:\/\/classindportal.mj.gov.br\/consulta-filmes\" target=\"_blank\" rel=\"noopener\"><strong>Consulte a classifica\u00e7\u00e3o indicativa dos filmes e novelas<\/strong><\/a><\/br><\/div>\n","protected":false},"excerpt":{"rendered":"<p>Presente de Amor:  Isabella \u00e9 presa&#8230; No cap\u00edtulo de Presente de Amor desta sexta, dia 13, O agente Quintero avisa Fausta que Petra denunciou&#8230;<\/p>\n","protected":false},"author":1,"featured_media":88918,"comment_status":"closed","ping_status":"closed","sticky":false,"template":"","format":"standard","meta":{"_uf_show_specific_survey":0,"_uf_disable_surveys":false,"_jetpack_memberships_contains_paid_content":false,"footnotes":"","_wp_rev_ctl_limit":""},"categories":[1044],"tags":[64,1045,13],"class_list":["post-88917","post","type-post","status-publish","format-standard","has-post-thumbnail","hentry","category-presente-de-amor","tag-novelas","tag-presente-de-amor","tag-sbt","wpcat-1044-id"],"aioseo_notices":[],"jetpack_featured_media_url":"https:\/\/i0.wp.com\/www.tvnovelas.com.br\/tvnews\/wp-content\/uploads\/2026\/03\/12974.jpg?fit=727%2C410&ssl=1","jetpack_shortlink":"https:\/\/wp.me\/pdP2BO-n89","jetpack_sharing_enabled":true,"_links":{"self":[{"href":"https:\/\/www.tvnovelas.com.br\/tvnews\/wp-json\/wp\/v2\/posts\/88917","targetHints":{"allow":["GET"]}}],"collection":[{"href":"https:\/\/www.tvnovelas.com.br\/tvnews\/wp-json\/wp\/v2\/posts"}],"about":[{"href":"https:\/\/www.tvnovelas.com.br\/tvnews\/wp-json\/wp\/v2\/types\/post"}],"author":[{"embeddable":true,"href":"https:\/\/www.tvnovelas.com.br\/tvnews\/wp-json\/wp\/v2\/users\/1"}],"replies":[{"embeddable":true,"href":"https:\/\/www.tvnovelas.com.br\/tvnews\/wp-json\/wp\/v2\/comments?post=88917"}],"version-history":[{"count":1,"href":"https:\/\/www.tvnovelas.com.br\/tvnews\/wp-json\/wp\/v2\/posts\/88917\/revisions"}],"predecessor-version":[{"id":88919,"href":"https:\/\/www.tvnovelas.com.br\/tvnews\/wp-json\/wp\/v2\/posts\/88917\/revisions\/88919"}],"wp:featuredmedia":[{"embeddable":true,"href":"https:\/\/www.tvnovelas.com.br\/tvnews\/wp-json\/wp\/v2\/media\/88918"}],"wp:attachment":[{"href":"https:\/\/www.tvnovelas.com.br\/tvnews\/wp-json\/wp\/v2\/media?parent=88917"}],"wp:term":[{"taxonomy":"category","embeddable":true,"href":"https:\/\/www.tvnovelas.com.br\/tvnews\/wp-json\/wp\/v2\/categories?post=88917"},{"taxonomy":"post_tag","embeddable":true,"href":"https:\/\/www.tvnovelas.com.br\/tvnews\/wp-json\/wp\/v2\/tags?post=88917"}],"curies":[{"name":"wp","href":"https:\/\/api.w.org\/{rel}","templated":true}]}}