{"id":88944,"date":"2026-03-15T12:52:09","date_gmt":"2026-03-15T15:52:09","guid":{"rendered":"https:\/\/www.tvnovelas.com.br\/tvnews\/?p=88944"},"modified":"2026-03-15T12:52:09","modified_gmt":"2026-03-15T15:52:09","slug":"chamas-do-destino-ali-coloca-cicek-contra-a-parede","status":"publish","type":"post","link":"https:\/\/www.tvnovelas.com.br\/tvnews\/chamas-do-destino-ali-coloca-cicek-contra-a-parede\/","title":{"rendered":"Chamas do Destino:  Ali coloca Cicek contra a parede"},"content":{"rendered":"<figure id=\"attachment_88945\" aria-describedby=\"caption-attachment-88945\" style=\"width: 728px\" class=\"wp-caption alignnone\"><img data-recalc-dims=\"1\" decoding=\"async\" class=\"wp-image-88945 size-full\" title=\"(Foto: Record\/Chamas do Destino)\" src=\"https:\/\/i0.wp.com\/www.tvnovelas.com.br\/tvnews\/wp-content\/uploads\/2026\/03\/12981.jpg?resize=728%2C418&#038;ssl=1\" alt=\"Foto em Chamas do Destino: Ali coloca Cicek contra a parede\" width=\"728\" height=\"418\" srcset=\"https:\/\/i0.wp.com\/www.tvnovelas.com.br\/tvnews\/wp-content\/uploads\/2026\/03\/12981.jpg?w=728&amp;ssl=1 728w, https:\/\/i0.wp.com\/www.tvnovelas.com.br\/tvnews\/wp-content\/uploads\/2026\/03\/12981.jpg?resize=250%2C144&amp;ssl=1 250w\" sizes=\"(max-width: 728px) 100vw, 728px\" \/><figcaption id=\"caption-attachment-88945\" class=\"wp-caption-text\">Chamas do Destino: Ali coloca Cicek contra a parede<\/figcaption><\/figure>\n<p>Em Chamas do Destino, nesta segunda, dia 16, O delegado Korkut confronta Tomris sobre a pol\u00eamica substitui\u00e7\u00e3o do corpo de uma jovem desconhecida pelo de sua pr\u00f3pria herdeira. Enquanto isso, Ruya comparece a uma entrevista profissional e \u00e9 surpreendida pela identidade inesperada do recrutador.<\/p>\n<p>Em busca de independ\u00eancia, Cemre aluga um im\u00f3vel para estabelecer um novo lar ao lado de Gunes. Mesmo sob cust\u00f3dia, Tomris recebe a visita de Cicek e revela seus planos para garantir a seguran\u00e7a de Atlas.<\/p>\n<p>Em um momento de fragilidade, Cemre reflete emocionalmente sobre o impacto de suas escolhas na vida das pessoas ao seu redor. Paralelamente, os cuidados com a pequena Gunes despertam em Han\u0131m mem\u00f3rias dolorosas de uma perda antiga.<\/p>\n<p>Ali coloca Cicek contra a parede, for\u00e7ando-a a uma escolha imposs\u00edvel: permanecer protegendo o menino Atlas ou partir definitivamente com o noivo.<\/p>\n<p>Por fim, durante a audi\u00eancia de div\u00f3rcio, Celebi apresenta um comportamento imprevis\u00edvel e imp\u00f5e condi\u00e7\u00f5es audaciosas para o desfecho do processo.<br \/>\n<!--FIM DO POST--><br \/>\n<strong>Saiba mais:<\/strong><br \/>\n<a href=\"https:\/\/wp.me\/pfspD2-VZ\" target=\"_blank\" rel=\"noopener\">Chamas do Destino: Tr\u00eas mulheres cujas hist\u00f3rias se cruzam<\/a> (Sinopse)<br \/>\n<div class=\"pt-cv-wrapper\"><h1 class='pt-cv-heading-container heading1' data-blockid='2ab72430a2'><span class='pt-cv-heading'> \u00daltimas da Novela <\/span><\/h1><div class=\"pt-cv-view pt-cv-grid pt-cv-colsys\" id=\"pt-cv-view-2ab72430a2\"><div data-id=\"pt-cv-page-1\" class=\"pt-cv-page\" data-cvc=\"1\"><div class=\"col-md-12 col-sm-12 col-xs-12 pt-cv-content-item pt-cv-1-col\" ><div class='pt-cv-ifield'><h4 class=\"pt-cv-title\"><a href=\"https:\/\/www.tvnovelas.com.br\/tvnews\/chamas-do-destino-iskender-e-preso-apos-denuncia-de-cicek\/\" class=\"_self\" target=\"_self\" >Chamas do Destino: Iskender \u00e9 preso ap\u00f3s den\u00fancia de Cicek<\/a><\/h4><\/div><\/div>\n<div class=\"col-md-12 col-sm-12 col-xs-12 pt-cv-content-item pt-cv-1-col\" ><div class='pt-cv-ifield'><h4 class=\"pt-cv-title\"><a href=\"https:\/\/www.tvnovelas.com.br\/tvnews\/chamas-do-destino-seher-permite-que-cemre-visite-ozan\/\" class=\"_self\" target=\"_self\" >Chamas do Destino: Seher permite que Cemre visite Ozan<\/a><\/h4><\/div><\/div>\n<div class=\"col-md-12 col-sm-12 col-xs-12 pt-cv-content-item pt-cv-1-col\" ><div class='pt-cv-ifield'><h4 class=\"pt-cv-title\"><a href=\"https:\/\/www.tvnovelas.com.br\/tvnews\/chamas-do-destino-iskender-se-torna-a-unica-esperanca-para-salvar-a-vida-de-ozan\/\" class=\"_self\" target=\"_self\" >Chamas do Destino: Iskender se torna a \u00fanica esperan\u00e7a para salvar a vida de Ozan<\/a><\/h4><\/div><\/div><\/div><\/div><\/div><\/p>\n<div style=\"font-size: 150%;\"><h3>Confira tamb\u00e9m<\/h3>\r\n<a href=\"https:\/\/tvnovelas.com.br\/novelas\/\" rel=\"noopener\" target=\"_blank\"><strong>Todos os resumos de novelas<\/strong><\/a><\/br>\r\n<a href=\"https:\/\/www.tvnovelas.com.br\/tvnews\/\" rel=\"noopener\" target=\"_blank\"><strong>\u00daltimas not\u00edcias das novelas<\/strong><\/a><\/br>\r\n<a href=\"https:\/\/www.tvnovelas.com.br\/filmes\/\" target=\"_blank\" rel=\"noopener noreferrer\"><strong>Programa\u00e7\u00e3o de filmes na TV aberta<\/strong><\/a><\/br>\r\n<a href=\"https:\/\/caetenews.com.br\/semana\/filmes-da-globo-na-sessao-da-tarde-desta-semana\/\" target=\"_blank\" rel=\"noopener\"><strong>Confira os filmes da semana na Sess\u00e3o da Tarde<\/strong><\/a><\/br>\r\n<a href=\"https:\/\/classindportal.mj.gov.br\/consulta-filmes\" target=\"_blank\" rel=\"noopener\"><strong>Consulte a classifica\u00e7\u00e3o indicativa dos filmes e novelas<\/strong><\/a><\/br><\/div>\n","protected":false},"excerpt":{"rendered":"<p>Chamas do Destino:  Ali coloca Cicek contra a parede&#8230; Nesta segunda, dia 16, O delegado Korkut confronta Tomris sobre a pol\u00eamica substitui\u00e7\u00e3o do corpo&#8230;<\/p>\n","protected":false},"author":1,"featured_media":88945,"comment_status":"closed","ping_status":"closed","sticky":false,"template":"","format":"standard","meta":{"_uf_show_specific_survey":0,"_uf_disable_surveys":false,"_jetpack_memberships_contains_paid_content":false,"footnotes":"","_wp_rev_ctl_limit":""},"categories":[1040],"tags":[1041,64,14],"class_list":["post-88944","post","type-post","status-publish","format-standard","has-post-thumbnail","hentry","category-chamas-do-destino","tag-chamas-do-destino","tag-novelas","tag-record","wpcat-1040-id"],"aioseo_notices":[],"jetpack_featured_media_url":"https:\/\/i0.wp.com\/www.tvnovelas.com.br\/tvnews\/wp-content\/uploads\/2026\/03\/12981.jpg?fit=728%2C418&ssl=1","jetpack_shortlink":"https:\/\/wp.me\/pdP2BO-n8A","jetpack_sharing_enabled":true,"_links":{"self":[{"href":"https:\/\/www.tvnovelas.com.br\/tvnews\/wp-json\/wp\/v2\/posts\/88944","targetHints":{"allow":["GET"]}}],"collection":[{"href":"https:\/\/www.tvnovelas.com.br\/tvnews\/wp-json\/wp\/v2\/posts"}],"about":[{"href":"https:\/\/www.tvnovelas.com.br\/tvnews\/wp-json\/wp\/v2\/types\/post"}],"author":[{"embeddable":true,"href":"https:\/\/www.tvnovelas.com.br\/tvnews\/wp-json\/wp\/v2\/users\/1"}],"replies":[{"embeddable":true,"href":"https:\/\/www.tvnovelas.com.br\/tvnews\/wp-json\/wp\/v2\/comments?post=88944"}],"version-history":[{"count":1,"href":"https:\/\/www.tvnovelas.com.br\/tvnews\/wp-json\/wp\/v2\/posts\/88944\/revisions"}],"predecessor-version":[{"id":88946,"href":"https:\/\/www.tvnovelas.com.br\/tvnews\/wp-json\/wp\/v2\/posts\/88944\/revisions\/88946"}],"wp:featuredmedia":[{"embeddable":true,"href":"https:\/\/www.tvnovelas.com.br\/tvnews\/wp-json\/wp\/v2\/media\/88945"}],"wp:attachment":[{"href":"https:\/\/www.tvnovelas.com.br\/tvnews\/wp-json\/wp\/v2\/media?parent=88944"}],"wp:term":[{"taxonomy":"category","embeddable":true,"href":"https:\/\/www.tvnovelas.com.br\/tvnews\/wp-json\/wp\/v2\/categories?post=88944"},{"taxonomy":"post_tag","embeddable":true,"href":"https:\/\/www.tvnovelas.com.br\/tvnews\/wp-json\/wp\/v2\/tags?post=88944"}],"curies":[{"name":"wp","href":"https:\/\/api.w.org\/{rel}","templated":true}]}}