{"id":88954,"date":"2026-03-15T15:01:23","date_gmt":"2026-03-15T18:01:23","guid":{"rendered":"https:\/\/www.tvnovelas.com.br\/tvnews\/?p=88954"},"modified":"2026-03-15T15:01:23","modified_gmt":"2026-03-15T18:01:23","slug":"coracao-de-mae-filiz-reencontra-a-filha-que-gostaria-de-nunca-mais-ver","status":"publish","type":"post","link":"https:\/\/www.tvnovelas.com.br\/tvnews\/coracao-de-mae-filiz-reencontra-a-filha-que-gostaria-de-nunca-mais-ver\/","title":{"rendered":"Cora\u00e7\u00e3o de M\u00e3e: Filiz reencontra a filha que gostaria de nunca mais ver"},"content":{"rendered":"<figure id=\"attachment_88955\" aria-describedby=\"caption-attachment-88955\" style=\"width: 728px\" class=\"wp-caption alignnone\"><img data-recalc-dims=\"1\" decoding=\"async\" class=\"wp-image-88955 size-full\" title=\"(Foto: Record TV\/Cora\u00e7\u00e3o de M\u00e3e )\" src=\"https:\/\/i0.wp.com\/www.tvnovelas.com.br\/tvnews\/wp-content\/uploads\/2026\/03\/12982.jpg?resize=728%2C410&#038;ssl=1\" alt=\"Foto em Cora\u00e7\u00e3o de M\u00e3e: Filiz reencontra a filha que gostaria de nunca mais ver\" width=\"728\" height=\"410\" srcset=\"https:\/\/i0.wp.com\/www.tvnovelas.com.br\/tvnews\/wp-content\/uploads\/2026\/03\/12982.jpg?w=728&amp;ssl=1 728w, https:\/\/i0.wp.com\/www.tvnovelas.com.br\/tvnews\/wp-content\/uploads\/2026\/03\/12982.jpg?resize=250%2C141&amp;ssl=1 250w\" sizes=\"(max-width: 728px) 100vw, 728px\" \/><figcaption id=\"caption-attachment-88955\" class=\"wp-caption-text\">Cora\u00e7\u00e3o de M\u00e3e: Filiz reencontra a filha que gostaria de nunca mais ver<\/figcaption><\/figure>\n<p>No Cora\u00e7\u00e3o de M\u00e3e desta segunda, dia 16, Filiz se deixa influenciar pelas provoca\u00e7\u00f5es de sua rival no condom\u00ednio e vende uma joia para realizar um novo procedimento est\u00e9tico. Ao sair do consult\u00f3rio, Filiz sente seu mundo desabar ao dar de cara com Irmak, a filha com quem n\u00e3o fala h\u00e1 anos. Muito abalada com o encontro, ela revive toda dor da trai\u00e7\u00e3o que transformou sua vida.<\/p>\n<p>Enquanto a vida de Filiz passa diante de seus olhos como um filme, o segredo por tr\u00e1s de seu n\u00e3o ver a filha come\u00e7a a se revelar. Como o centro de trudo, na partida de Irmak com Adnan, o ent\u00e3o marido de Filiz, que causou grande trauma a Filiz e levou ao fim do relacionamento deles. Anos depois, o reencontro entre Irmak e Filiz traz \u00e0 tona todas as m\u00e1s lembran\u00e7as e seus desdobramentos.<\/p>\n<p>Depois \u00e9 a vez de Irmak confrontando Karsu na loja onde trabalha. Karsu reage de forma muito agressiva a Irmak. O reaparecimento de Irmak ap\u00f3s muitos anos, enfrentando Karsu e Filiz, aumenta a tens\u00e3o na trama.<\/p>\n<p>Na sequ\u00eancia, Irmak conta ao marido sobre o reencontro inesperado com a m\u00e3e e Adnan apoia a esposa e tenta consol\u00e1-la. Ap\u00f3s ficar frente a frente com Filiz, Irmak n\u00e3o consegue pensar em outra coisa que n\u00e3o seja conseguir o perd\u00e3o da m\u00e3e.<\/p>\n<h2 style=\"color: #44acff;\">Resumo de segunda-feira, 16 de mar\u00e7o<\/h2>\n<p>Reha tenta cumprir o papel de pai e leva os filhos para um passeio no aqu\u00e1rio, mas passa por um susto ao perder Deniz de vista. Depois de algumas horas sozinho com as crian\u00e7as, a paci\u00eancia do empres\u00e1rio chega ao limite. Karsu come\u00e7a, em segredo, um segundo trabalho, fazendo faxina na creche de Selin, mas \u00e9 vista no local pela empregada de sua m\u00e3e. Atilla visita o pai na pris\u00e3o e recebe dele uma nova miss\u00e3o. Ao chegar na empresa em que deve propor neg\u00f3cios, Atilla \u00e9 recebido por Lale. Reha n\u00e3o aceita a decis\u00e3o de Karsu de se divorciar e parte para o confronto, enquanto a mulher permanece firme em seu prop\u00f3sito. Filiz se deixa influenciar pelas provoca\u00e7\u00f5es de sua rival no condom\u00ednio e vende uma joia para realizar um novo procedimento est\u00e9tico. Ao sair do consult\u00f3rio, Filiz sente seu mundo desabar ao dar de cara com Irmak, a filha com quem n\u00e3o fala h\u00e1 anos. Muito abalada com o encontro, ela revive toda dor da trai\u00e7\u00e3o que transformou sua vida.<br \/>\n<!--FIM--><\/p>\n<h2>Saiba mais<\/h2>\n<p><a href=\"https:\/\/tvnovelas.com.br\/novelas\/resumos-de-coracao-de-mae\/\" target=\"_blank\" rel=\"noopener\">Resumos dos cap\u00edtulos da semana de Cora\u00e7\u00e3o de M\u00e3e<\/a><br \/>\n<div class=\"pt-cv-wrapper\"><h1 class='pt-cv-heading-container heading2' data-blockid='dc296283li'><span class='pt-cv-heading'> \u00daltimas da novela <\/span><\/h1><div class=\"pt-cv-view pt-cv-grid pt-cv-colsys\" id=\"pt-cv-view-dc296283li\"><div data-id=\"pt-cv-page-1\" class=\"pt-cv-page\" data-cvc=\"1\"><div class=\"col-md-12 col-sm-12 col-xs-12 pt-cv-content-item pt-cv-1-col\" ><div class='pt-cv-ifield'><h4 class=\"pt-cv-title\"><a href=\"https:\/\/www.tvnovelas.com.br\/tvnews\/coracao-de-mae-irmak-inicia-jogo-arriscado-contra-adnan\/\" class=\"_self\" target=\"_self\" >Cora\u00e7\u00e3o de M\u00e3e: Irmak inicia jogo arriscado contra Adnan<\/a><\/h4><\/div><\/div>\n<div class=\"col-md-12 col-sm-12 col-xs-12 pt-cv-content-item pt-cv-1-col\" ><div class='pt-cv-ifield'><h4 class=\"pt-cv-title\"><a href=\"https:\/\/www.tvnovelas.com.br\/tvnews\/coracao-de-mae-reha-sai-para-jantar-com-selvi\/\" class=\"_self\" target=\"_self\" >Cora\u00e7\u00e3o de M\u00e3e: Reha sai para jantar com Selvi<\/a><\/h4><\/div><\/div>\n<div class=\"col-md-12 col-sm-12 col-xs-12 pt-cv-content-item pt-cv-1-col\" ><div class='pt-cv-ifield'><h4 class=\"pt-cv-title\"><a href=\"https:\/\/www.tvnovelas.com.br\/tvnews\/coracao-de-mae-atilla-diz-a-lale-que-quer-o-divorcio\/\" class=\"_self\" target=\"_self\" >Cora\u00e7\u00e3o de M\u00e3e: Atilla diz a Lale que quer o div\u00f3rcio<\/a><\/h4><\/div><\/div>\n<div class=\"col-md-12 col-sm-12 col-xs-12 pt-cv-content-item pt-cv-1-col\" ><div class='pt-cv-ifield'><h4 class=\"pt-cv-title\"><a href=\"https:\/\/www.tvnovelas.com.br\/tvnews\/coracao-de-mae-atilla-decide-abrir-o-jogo-com-karsu\/\" class=\"_self\" target=\"_self\" >Cora\u00e7\u00e3o de M\u00e3e: Atilla decide abrir o jogo com Karsu<\/a><\/h4><\/div><\/div>\n<div class=\"col-md-12 col-sm-12 col-xs-12 pt-cv-content-item pt-cv-1-col\" ><div class='pt-cv-ifield'><h4 class=\"pt-cv-title\"><a href=\"https:\/\/www.tvnovelas.com.br\/tvnews\/coracao-de-mae-adnan-e-preso-apos-denuncia-de-irmak\/\" class=\"_self\" target=\"_self\" >Em Cora\u00e7\u00e3o de M\u00e3e: Adnan \u00e9 preso ap\u00f3s denuncia de Irmak<\/a><\/h4><\/div><\/div><\/div><\/div><\/div><br \/>\n<strong>Talvez voc\u00ea se interesse tamb\u00e9m<\/strong><br \/>\n<a href=\"https:\/\/pt.wikipedia.org\/wiki\/Sand%C4%B1k_Kokusu\">Cora\u00e7\u00e3o de M\u00e3e, na Wikipedia<\/a><br \/>\n<a href=\"https:\/\/classindportal.mj.gov.br\/consulta-filmes\" target=\"_blank\" rel=\"noopener\">Consulte a classifica\u00e7\u00e3o indicativa das novelas<\/a><\/p>\n<div style=\"font-size: 120%;\"><h3>Confira tamb\u00e9m<\/h3>\r\n<a href=\"https:\/\/tvnovelas.com.br\/novelas\/\" rel=\"noopener\" target=\"_blank\"><strong>Todos os resumos de novelas<\/strong><\/a><\/br>\r\n<a href=\"https:\/\/www.tvnovelas.com.br\/tvnews\/\" rel=\"noopener\" target=\"_blank\"><strong>\u00daltimas not\u00edcias das novelas<\/strong><\/a><\/br>\r\n<a href=\"https:\/\/www.tvnovelas.com.br\/filmes\/\" target=\"_blank\" rel=\"noopener noreferrer\"><strong>Programa\u00e7\u00e3o de filmes na TV aberta<\/strong><\/a><\/br>\r\n<a href=\"https:\/\/caetenews.com.br\/semana\/filmes-da-globo-na-sessao-da-tarde-desta-semana\/\" target=\"_blank\" rel=\"noopener\"><strong>Confira os filmes da semana na Sess\u00e3o da Tarde<\/strong><\/a><\/br>\r\n<a href=\"https:\/\/classindportal.mj.gov.br\/consulta-filmes\" target=\"_blank\" rel=\"noopener\"><strong>Consulte a classifica\u00e7\u00e3o indicativa dos filmes e novelas<\/strong><\/a><\/br><\/div>\n","protected":false},"excerpt":{"rendered":"<p>Cora\u00e7\u00e3o de M\u00e3e: Filiz reencontra a filha..  No Cora\u00e7\u00e3o de M\u00e3e desta segunda, dia 16, Filiz se deixa influenciar pelas provoca\u00e7\u00f5es de sua rival no condom\u00ednio e vende&#8230;<\/p>\n","protected":false},"author":1,"featured_media":88955,"comment_status":"closed","ping_status":"closed","sticky":false,"template":"","format":"standard","meta":{"_uf_show_specific_survey":0,"_uf_disable_surveys":false,"_jetpack_memberships_contains_paid_content":false,"footnotes":"","_wp_rev_ctl_limit":""},"categories":[1049],"tags":[1048,64,14],"class_list":["post-88954","post","type-post","status-publish","format-standard","has-post-thumbnail","hentry","category-coracao-de-mae","tag-coracao-de-mae","tag-novelas","tag-record","wpcat-1049-id"],"aioseo_notices":[],"jetpack_featured_media_url":"https:\/\/i0.wp.com\/www.tvnovelas.com.br\/tvnews\/wp-content\/uploads\/2026\/03\/12982.jpg?fit=728%2C410&ssl=1","jetpack_shortlink":"https:\/\/wp.me\/pdP2BO-n8K","jetpack_sharing_enabled":true,"_links":{"self":[{"href":"https:\/\/www.tvnovelas.com.br\/tvnews\/wp-json\/wp\/v2\/posts\/88954","targetHints":{"allow":["GET"]}}],"collection":[{"href":"https:\/\/www.tvnovelas.com.br\/tvnews\/wp-json\/wp\/v2\/posts"}],"about":[{"href":"https:\/\/www.tvnovelas.com.br\/tvnews\/wp-json\/wp\/v2\/types\/post"}],"author":[{"embeddable":true,"href":"https:\/\/www.tvnovelas.com.br\/tvnews\/wp-json\/wp\/v2\/users\/1"}],"replies":[{"embeddable":true,"href":"https:\/\/www.tvnovelas.com.br\/tvnews\/wp-json\/wp\/v2\/comments?post=88954"}],"version-history":[{"count":1,"href":"https:\/\/www.tvnovelas.com.br\/tvnews\/wp-json\/wp\/v2\/posts\/88954\/revisions"}],"predecessor-version":[{"id":88956,"href":"https:\/\/www.tvnovelas.com.br\/tvnews\/wp-json\/wp\/v2\/posts\/88954\/revisions\/88956"}],"wp:featuredmedia":[{"embeddable":true,"href":"https:\/\/www.tvnovelas.com.br\/tvnews\/wp-json\/wp\/v2\/media\/88955"}],"wp:attachment":[{"href":"https:\/\/www.tvnovelas.com.br\/tvnews\/wp-json\/wp\/v2\/media?parent=88954"}],"wp:term":[{"taxonomy":"category","embeddable":true,"href":"https:\/\/www.tvnovelas.com.br\/tvnews\/wp-json\/wp\/v2\/categories?post=88954"},{"taxonomy":"post_tag","embeddable":true,"href":"https:\/\/www.tvnovelas.com.br\/tvnews\/wp-json\/wp\/v2\/tags?post=88954"}],"curies":[{"name":"wp","href":"https:\/\/api.w.org\/{rel}","templated":true}]}}