{"id":88958,"date":"2026-03-16T15:36:50","date_gmt":"2026-03-16T18:36:50","guid":{"rendered":"https:\/\/www.tvnovelas.com.br\/tvnews\/?p=88958"},"modified":"2026-03-16T15:36:50","modified_gmt":"2026-03-16T18:36:50","slug":"coracao-de-mae-karsu-e-flagrada-como-faxineira-na-creche-da-filha","status":"publish","type":"post","link":"https:\/\/www.tvnovelas.com.br\/tvnews\/coracao-de-mae-karsu-e-flagrada-como-faxineira-na-creche-da-filha\/","title":{"rendered":"Cora\u00e7\u00e3o de M\u00e3e: Karsu \u00e9 flagrada como faxineira na creche da filha"},"content":{"rendered":"<figure id=\"attachment_88959\" aria-describedby=\"caption-attachment-88959\" style=\"width: 728px\" class=\"wp-caption alignnone\"><img data-recalc-dims=\"1\" decoding=\"async\" class=\"wp-image-88959 size-full\" title=\"(Foto: Record TV\/Cora\u00e7\u00e3o de M\u00e3e )\" src=\"https:\/\/i0.wp.com\/www.tvnovelas.com.br\/tvnews\/wp-content\/uploads\/2026\/03\/12983.jpg?resize=728%2C410&#038;ssl=1\" alt=\"Foto em Cora\u00e7\u00e3o de M\u00e3e: Karsu \u00e9 flagrada como faxineira na creche da filha\" width=\"728\" height=\"410\" srcset=\"https:\/\/i0.wp.com\/www.tvnovelas.com.br\/tvnews\/wp-content\/uploads\/2026\/03\/12983.jpg?w=728&amp;ssl=1 728w, https:\/\/i0.wp.com\/www.tvnovelas.com.br\/tvnews\/wp-content\/uploads\/2026\/03\/12983.jpg?resize=250%2C141&amp;ssl=1 250w\" sizes=\"(max-width: 728px) 100vw, 728px\" \/><figcaption id=\"caption-attachment-88959\" class=\"wp-caption-text\">Cora\u00e7\u00e3o de M\u00e3e: Karsu \u00e9 flagrada como faxineira na creche da filha<\/figcaption><\/figure>\n<p>No Cora\u00e7\u00e3o de M\u00e3e desta segunda, dia 16, Karsu come\u00e7a a trabalhar como faxineira na creche de Selin para ter desconto na mensalidade e, enquanto faz a limpeza no local \u00e9 flagrada pela empregada de Filiz, que tamb\u00e9m trabalha ali. Sem jeito, Karsu pede que a mo\u00e7a n\u00e3o conte nada para sua m\u00e3e.<\/p>\n<p>Influenciada pelas provoca\u00e7\u00f5es de sua rival no condom\u00ednio, que fala sobre sua apar\u00eancia, Filiz fica preocupada e decide vender uma joia para realizar um novo procedimento est\u00e9tico. Ela vai ao seu m\u00e9dico de confian\u00e7a e deixa o consult\u00f3rio satisfeita, mas ao sair do pr\u00e9dio perde o ch\u00e3o completamente ao dar de cara com Irmak, a filha com quem n\u00e3o fala h\u00e1 anos.<\/p>\n<p>Em choque, ela n\u00e3o consegue dizer nada, e a mo\u00e7a tamb\u00e9m fica paralisada. Muito abalada, Filiz relembra toda a dor que Irmak lhe causou anos atr\u00e1s e sai caminhando desnorteada pela rua.<\/p>\n<p>Tamb\u00e9m nesta segunda, Reha sente na pele a dificuldade de cuidar sozinho dos tr\u00eas filhos e fica sem paci\u00eancia com as crian\u00e7as em uma tarde de passeio, al\u00e9m de levar um grande susto ao perder Deniz durante a visita no aqu\u00e1rio.<\/p>\n<h2 style=\"color: #44acff;\">Resumo de segunda-feira, 16 de mar\u00e7o<\/h2>\n<p>Reha tenta cumprir o papel de pai e leva os filhos para um passeio no aqu\u00e1rio, mas passa por um susto ao perder Deniz de vista. Depois de algumas horas sozinho com as crian\u00e7as, a paci\u00eancia do empres\u00e1rio chega ao limite. Karsu come\u00e7a, em segredo, um segundo trabalho, fazendo faxina na creche de Selin, mas \u00e9 vista no local pela empregada de sua m\u00e3e. Atilla visita o pai na pris\u00e3o e recebe dele uma nova miss\u00e3o. Ao chegar na empresa em que deve propor neg\u00f3cios, Atilla \u00e9 recebido por Lale. Reha n\u00e3o aceita a decis\u00e3o de Karsu de se divorciar e parte para o confronto, enquanto a mulher permanece firme em seu prop\u00f3sito. Filiz se deixa influenciar pelas provoca\u00e7\u00f5es de sua rival no condom\u00ednio e vende uma joia para realizar um novo procedimento est\u00e9tico. Ao sair do consult\u00f3rio, Filiz sente seu mundo desabar ao dar de cara com Irmak, a filha com quem n\u00e3o fala h\u00e1 anos. Muito abalada com o encontro, ela revive toda dor da trai\u00e7\u00e3o que transformou sua vida.<\/p>\n<p><!--FIM--><\/p>\n<h2>Saiba mais<\/h2>\n<p><a href=\"https:\/\/tvnovelas.com.br\/novelas\/resumos-de-coracao-de-mae\/\" target=\"_blank\" rel=\"noopener\">Resumos dos cap\u00edtulos da semana de Cora\u00e7\u00e3o de M\u00e3e<\/a><br \/>\n<div class=\"pt-cv-wrapper\"><h1 class='pt-cv-heading-container heading2' data-blockid='dc296283li'><span class='pt-cv-heading'> \u00daltimas da novela <\/span><\/h1><div class=\"pt-cv-view pt-cv-grid pt-cv-colsys\" id=\"pt-cv-view-dc296283li\"><div data-id=\"pt-cv-page-1\" class=\"pt-cv-page\" data-cvc=\"1\"><div class=\"col-md-12 col-sm-12 col-xs-12 pt-cv-content-item pt-cv-1-col\" ><div class='pt-cv-ifield'><h4 class=\"pt-cv-title\"><a href=\"https:\/\/www.tvnovelas.com.br\/tvnews\/coracao-de-mae-hasan-e-filiz-em-piquenique-romantico\/\" class=\"_self\" target=\"_self\" >Cora\u00e7\u00e3o de M\u00e3e: Hasan e Filiz em piquenique rom\u00e2ntico<\/a><\/h4><\/div><\/div>\n<div class=\"col-md-12 col-sm-12 col-xs-12 pt-cv-content-item pt-cv-1-col\" ><div class='pt-cv-ifield'><h4 class=\"pt-cv-title\"><a href=\"https:\/\/www.tvnovelas.com.br\/tvnews\/coracao-de-mae-irmak-denuncia-adnan\/\" class=\"_self\" target=\"_self\" >Cora\u00e7\u00e3o de M\u00e3e: Irmak denuncia Adnan<\/a><\/h4><\/div><\/div>\n<div class=\"col-md-12 col-sm-12 col-xs-12 pt-cv-content-item pt-cv-1-col\" ><div class='pt-cv-ifield'><h4 class=\"pt-cv-title\"><a href=\"https:\/\/www.tvnovelas.com.br\/tvnews\/coracao-de-mae-irmak-inicia-jogo-arriscado-contra-adnan\/\" class=\"_self\" target=\"_self\" >Cora\u00e7\u00e3o de M\u00e3e: Irmak inicia jogo arriscado contra Adnan<\/a><\/h4><\/div><\/div>\n<div class=\"col-md-12 col-sm-12 col-xs-12 pt-cv-content-item pt-cv-1-col\" ><div class='pt-cv-ifield'><h4 class=\"pt-cv-title\"><a href=\"https:\/\/www.tvnovelas.com.br\/tvnews\/coracao-de-mae-reha-sai-para-jantar-com-selvi\/\" class=\"_self\" target=\"_self\" >Cora\u00e7\u00e3o de M\u00e3e: Reha sai para jantar com Selvi<\/a><\/h4><\/div><\/div>\n<div class=\"col-md-12 col-sm-12 col-xs-12 pt-cv-content-item pt-cv-1-col\" ><div class='pt-cv-ifield'><h4 class=\"pt-cv-title\"><a href=\"https:\/\/www.tvnovelas.com.br\/tvnews\/coracao-de-mae-atilla-diz-a-lale-que-quer-o-divorcio\/\" class=\"_self\" target=\"_self\" >Cora\u00e7\u00e3o de M\u00e3e: Atilla diz a Lale que quer o div\u00f3rcio<\/a><\/h4><\/div><\/div><\/div><\/div><\/div><br \/>\n<strong>Talvez voc\u00ea se interesse tamb\u00e9m<\/strong><br \/>\n<a href=\"https:\/\/pt.wikipedia.org\/wiki\/Sand%C4%B1k_Kokusu\">Cora\u00e7\u00e3o de M\u00e3e, na Wikipedia<\/a><br \/>\n<a href=\"https:\/\/classindportal.mj.gov.br\/consulta-filmes\" target=\"_blank\" rel=\"noopener\">Consulte a classifica\u00e7\u00e3o indicativa das novelas<\/a><\/p>\n<div style=\"font-size: 120%;\"><h3>Confira tamb\u00e9m<\/h3>\r\n<a href=\"https:\/\/tvnovelas.com.br\/novelas\/\" rel=\"noopener\" target=\"_blank\"><strong>Todos os resumos de novelas<\/strong><\/a><\/br>\r\n<a href=\"https:\/\/www.tvnovelas.com.br\/tvnews\/\" rel=\"noopener\" target=\"_blank\"><strong>\u00daltimas not\u00edcias das novelas<\/strong><\/a><\/br>\r\n<a href=\"https:\/\/www.tvnovelas.com.br\/filmes\/\" target=\"_blank\" rel=\"noopener noreferrer\"><strong>Programa\u00e7\u00e3o de filmes na TV aberta<\/strong><\/a><\/br>\r\n<a href=\"https:\/\/caetenews.com.br\/semana\/filmes-da-globo-na-sessao-da-tarde-desta-semana\/\" target=\"_blank\" rel=\"noopener\"><strong>Confira os filmes da semana na Sess\u00e3o da Tarde<\/strong><\/a><\/br>\r\n<a href=\"https:\/\/classindportal.mj.gov.br\/consulta-filmes\" target=\"_blank\" rel=\"noopener\"><strong>Consulte a classifica\u00e7\u00e3o indicativa dos filmes e novelas<\/strong><\/a><\/br><\/div>\n","protected":false},"excerpt":{"rendered":"<p>Cora\u00e7\u00e3o de M\u00e3e: Karsu \u00e9 flagrada como faxineira na creche da filha&#8230; No Cora\u00e7\u00e3o de M\u00e3e desta segunda, dia 16, Karsu come\u00e7a a trabalhar como faxineira&#8230;<\/p>\n","protected":false},"author":1,"featured_media":88959,"comment_status":"closed","ping_status":"closed","sticky":false,"template":"","format":"standard","meta":{"_uf_show_specific_survey":0,"_uf_disable_surveys":false,"_jetpack_memberships_contains_paid_content":false,"footnotes":"","_wp_rev_ctl_limit":""},"categories":[1049],"tags":[1048,64,14],"class_list":["post-88958","post","type-post","status-publish","format-standard","has-post-thumbnail","hentry","category-coracao-de-mae","tag-coracao-de-mae","tag-novelas","tag-record","wpcat-1049-id"],"aioseo_notices":[],"jetpack_featured_media_url":"https:\/\/i0.wp.com\/www.tvnovelas.com.br\/tvnews\/wp-content\/uploads\/2026\/03\/12983.jpg?fit=728%2C410&ssl=1","jetpack_shortlink":"https:\/\/wp.me\/pdP2BO-n8O","jetpack_sharing_enabled":true,"_links":{"self":[{"href":"https:\/\/www.tvnovelas.com.br\/tvnews\/wp-json\/wp\/v2\/posts\/88958","targetHints":{"allow":["GET"]}}],"collection":[{"href":"https:\/\/www.tvnovelas.com.br\/tvnews\/wp-json\/wp\/v2\/posts"}],"about":[{"href":"https:\/\/www.tvnovelas.com.br\/tvnews\/wp-json\/wp\/v2\/types\/post"}],"author":[{"embeddable":true,"href":"https:\/\/www.tvnovelas.com.br\/tvnews\/wp-json\/wp\/v2\/users\/1"}],"replies":[{"embeddable":true,"href":"https:\/\/www.tvnovelas.com.br\/tvnews\/wp-json\/wp\/v2\/comments?post=88958"}],"version-history":[{"count":1,"href":"https:\/\/www.tvnovelas.com.br\/tvnews\/wp-json\/wp\/v2\/posts\/88958\/revisions"}],"predecessor-version":[{"id":88960,"href":"https:\/\/www.tvnovelas.com.br\/tvnews\/wp-json\/wp\/v2\/posts\/88958\/revisions\/88960"}],"wp:featuredmedia":[{"embeddable":true,"href":"https:\/\/www.tvnovelas.com.br\/tvnews\/wp-json\/wp\/v2\/media\/88959"}],"wp:attachment":[{"href":"https:\/\/www.tvnovelas.com.br\/tvnews\/wp-json\/wp\/v2\/media?parent=88958"}],"wp:term":[{"taxonomy":"category","embeddable":true,"href":"https:\/\/www.tvnovelas.com.br\/tvnews\/wp-json\/wp\/v2\/categories?post=88958"},{"taxonomy":"post_tag","embeddable":true,"href":"https:\/\/www.tvnovelas.com.br\/tvnews\/wp-json\/wp\/v2\/tags?post=88958"}],"curies":[{"name":"wp","href":"https:\/\/api.w.org\/{rel}","templated":true}]}}