{"id":88999,"date":"2026-03-17T16:03:39","date_gmt":"2026-03-17T19:03:39","guid":{"rendered":"https:\/\/www.tvnovelas.com.br\/tvnews\/?p=88999"},"modified":"2026-03-17T16:03:39","modified_gmt":"2026-03-17T19:03:39","slug":"chamas-do-destino-acuado-celebi-parte-para-o-ataque","status":"publish","type":"post","link":"https:\/\/www.tvnovelas.com.br\/tvnews\/chamas-do-destino-acuado-celebi-parte-para-o-ataque\/","title":{"rendered":"Chamas do Destino: Acuado, Celebi parte para o ataque"},"content":{"rendered":"<figure id=\"attachment_89000\" aria-describedby=\"caption-attachment-89000\" style=\"width: 728px\" class=\"wp-caption alignnone\"><img data-recalc-dims=\"1\" decoding=\"async\" class=\"wp-image-89000 size-full\" title=\"(Foto: Record\/Chamas do Destino)\" src=\"https:\/\/i0.wp.com\/www.tvnovelas.com.br\/tvnews\/wp-content\/uploads\/2026\/03\/12988.jpg?resize=728%2C410&#038;ssl=1\" alt=\"Foto em Chamas do Destino: Acuado, Celebi parte para o ataque\" width=\"728\" height=\"410\" srcset=\"https:\/\/i0.wp.com\/www.tvnovelas.com.br\/tvnews\/wp-content\/uploads\/2026\/03\/12988.jpg?w=728&amp;ssl=1 728w, https:\/\/i0.wp.com\/www.tvnovelas.com.br\/tvnews\/wp-content\/uploads\/2026\/03\/12988.jpg?resize=250%2C141&amp;ssl=1 250w\" sizes=\"(max-width: 728px) 100vw, 728px\" \/><figcaption id=\"caption-attachment-89000\" class=\"wp-caption-text\">Chamas do Destino: Acuado, Celebi parte para o ataque<\/figcaption><\/figure>\n<p>Chamas do Destino, nesta ter\u00e7a, dia 17,mostra Celebi recorrendo \u00e0 intimida\u00e7\u00e3o para fragilizar Cemre, com amea\u00e7as envolvendo Gunes. S\u00f3 que o cen\u00e1rio vira contra ele: emissoras passam a boicot\u00e1-lo e aliados importantes se afastam de sua campanha.<\/p>\n<p>De olho nisso, Ozan acelera as investiga\u00e7\u00f5es e procura Nisan em busca de respostas sobre os objetos encontrados ap\u00f3s o inc\u00eandio.<\/p>\n<p>Na mans\u00e3o Kayabelli, a tens\u00e3o aumenta com a revela\u00e7\u00e3o de uma infiltrada entre os funcion\u00e1rios. J\u00e1 Atlas emociona ao resistir \u00e0 despedida de Cicek, demonstrando o quanto a liga\u00e7\u00e3o entre eles \u00e9 forte.<\/p>\n<p>A situa\u00e7\u00e3o se complica ainda mais com o retorno inesperado de Zeynep ao bairro, movimento que promete mexer com Omer e impactar todos ao redor.<\/p>\n<p>Mesmo abalada, Cemre tenta se manter firme diante da press\u00e3o. Enquanto isso, acuado e em queda, Celebi se torna ainda mais imprevis\u00edvel, disposto a tudo para retomar o controle.<\/p>\n<h2 style=\"color: #44acff;\">Resumo de ter\u00e7a-feira, 17 de mar\u00e7o<\/h2>\n<p>Cemre entra em p\u00e2nico com as amea\u00e7as de Celebi contra a seguran\u00e7a de Gunes. Ao mesmo tempo, o vil\u00e3o enfrenta um duro golpe pol\u00edtico ao sofrer boicotes e perder o apoio das emissoras de TV em sua campanha. No campo das investiga\u00e7\u00f5es, Ozan procura Nisan em busca de respostas sobre a origem dos artefatos encontrados no inc\u00eandio. Na mans\u00e3o Kayabelli, uma funcion\u00e1ria \u00e9 flagrada agindo como informante. O pequeno Atlas reage com sofrimento \u00e0 partida de \u00c7icek, recusando-se a dizer adeus. Para completar, o retorno inesperado de Zeynep ao bairro promete abalar a tranquilidade de Omer.<br \/>\n<!--FIM DO POST--><br \/>\n<strong>Saiba mais:<\/strong><br \/>\n<a href=\"https:\/\/wp.me\/pfspD2-VZ\" target=\"_blank\" rel=\"noopener\">Chamas do Destino: Tr\u00eas mulheres cujas hist\u00f3rias se cruzam<\/a> (Sinopse)<br \/>\n<div class=\"pt-cv-wrapper\"><h1 class='pt-cv-heading-container heading1' data-blockid='2ab72430a2'><span class='pt-cv-heading'> \u00daltimas da Novela <\/span><\/h1><div class=\"pt-cv-view pt-cv-grid pt-cv-colsys\" id=\"pt-cv-view-2ab72430a2\"><div data-id=\"pt-cv-page-1\" class=\"pt-cv-page\" data-cvc=\"1\"><div class=\"col-md-12 col-sm-12 col-xs-12 pt-cv-content-item pt-cv-1-col\" ><div class='pt-cv-ifield'><h4 class=\"pt-cv-title\"><a href=\"https:\/\/www.tvnovelas.com.br\/tvnews\/chamas-do-destino-iskender-e-preso-apos-denuncia-de-cicek\/\" class=\"_self\" target=\"_self\" >Chamas do Destino: Iskender \u00e9 preso ap\u00f3s den\u00fancia de Cicek<\/a><\/h4><\/div><\/div>\n<div class=\"col-md-12 col-sm-12 col-xs-12 pt-cv-content-item pt-cv-1-col\" ><div class='pt-cv-ifield'><h4 class=\"pt-cv-title\"><a href=\"https:\/\/www.tvnovelas.com.br\/tvnews\/chamas-do-destino-seher-permite-que-cemre-visite-ozan\/\" class=\"_self\" target=\"_self\" >Chamas do Destino: Seher permite que Cemre visite Ozan<\/a><\/h4><\/div><\/div>\n<div class=\"col-md-12 col-sm-12 col-xs-12 pt-cv-content-item pt-cv-1-col\" ><div class='pt-cv-ifield'><h4 class=\"pt-cv-title\"><a href=\"https:\/\/www.tvnovelas.com.br\/tvnews\/chamas-do-destino-iskender-se-torna-a-unica-esperanca-para-salvar-a-vida-de-ozan\/\" class=\"_self\" target=\"_self\" >Chamas do Destino: Iskender se torna a \u00fanica esperan\u00e7a para salvar a vida de Ozan<\/a><\/h4><\/div><\/div><\/div><\/div><\/div><\/p>\n<div style=\"font-size: 150%;\"><h3>Confira tamb\u00e9m<\/h3>\r\n<a href=\"https:\/\/tvnovelas.com.br\/novelas\/\" rel=\"noopener\" target=\"_blank\"><strong>Todos os resumos de novelas<\/strong><\/a><\/br>\r\n<a href=\"https:\/\/www.tvnovelas.com.br\/tvnews\/\" rel=\"noopener\" target=\"_blank\"><strong>\u00daltimas not\u00edcias das novelas<\/strong><\/a><\/br>\r\n<a href=\"https:\/\/www.tvnovelas.com.br\/filmes\/\" target=\"_blank\" rel=\"noopener noreferrer\"><strong>Programa\u00e7\u00e3o de filmes na TV aberta<\/strong><\/a><\/br>\r\n<a href=\"https:\/\/caetenews.com.br\/semana\/filmes-da-globo-na-sessao-da-tarde-desta-semana\/\" target=\"_blank\" rel=\"noopener\"><strong>Confira os filmes da semana na Sess\u00e3o da Tarde<\/strong><\/a><\/br>\r\n<a href=\"https:\/\/classindportal.mj.gov.br\/consulta-filmes\" target=\"_blank\" rel=\"noopener\"><strong>Consulte a classifica\u00e7\u00e3o indicativa dos filmes e novelas<\/strong><\/a><\/br><\/div>\n","protected":false},"excerpt":{"rendered":"<p>Chamas do Destino: Acuado, Celebi parte para o ataque&#8230;. Chamas do Destino, nesta ter\u00e7a, dia 17,mostra Celebi recorrendo \u00e0 intimida\u00e7\u00e3o para fragilizar&#8230; <\/p>\n","protected":false},"author":1,"featured_media":89000,"comment_status":"closed","ping_status":"closed","sticky":false,"template":"","format":"standard","meta":{"_uf_show_specific_survey":0,"_uf_disable_surveys":false,"_jetpack_memberships_contains_paid_content":false,"footnotes":"","_wp_rev_ctl_limit":""},"categories":[1040],"tags":[1041,64,14],"class_list":["post-88999","post","type-post","status-publish","format-standard","has-post-thumbnail","hentry","category-chamas-do-destino","tag-chamas-do-destino","tag-novelas","tag-record","wpcat-1040-id"],"aioseo_notices":[],"jetpack_featured_media_url":"https:\/\/i0.wp.com\/www.tvnovelas.com.br\/tvnews\/wp-content\/uploads\/2026\/03\/12988.jpg?fit=728%2C410&ssl=1","jetpack_shortlink":"https:\/\/wp.me\/pdP2BO-n9t","jetpack_sharing_enabled":true,"_links":{"self":[{"href":"https:\/\/www.tvnovelas.com.br\/tvnews\/wp-json\/wp\/v2\/posts\/88999","targetHints":{"allow":["GET"]}}],"collection":[{"href":"https:\/\/www.tvnovelas.com.br\/tvnews\/wp-json\/wp\/v2\/posts"}],"about":[{"href":"https:\/\/www.tvnovelas.com.br\/tvnews\/wp-json\/wp\/v2\/types\/post"}],"author":[{"embeddable":true,"href":"https:\/\/www.tvnovelas.com.br\/tvnews\/wp-json\/wp\/v2\/users\/1"}],"replies":[{"embeddable":true,"href":"https:\/\/www.tvnovelas.com.br\/tvnews\/wp-json\/wp\/v2\/comments?post=88999"}],"version-history":[{"count":1,"href":"https:\/\/www.tvnovelas.com.br\/tvnews\/wp-json\/wp\/v2\/posts\/88999\/revisions"}],"predecessor-version":[{"id":89001,"href":"https:\/\/www.tvnovelas.com.br\/tvnews\/wp-json\/wp\/v2\/posts\/88999\/revisions\/89001"}],"wp:featuredmedia":[{"embeddable":true,"href":"https:\/\/www.tvnovelas.com.br\/tvnews\/wp-json\/wp\/v2\/media\/89000"}],"wp:attachment":[{"href":"https:\/\/www.tvnovelas.com.br\/tvnews\/wp-json\/wp\/v2\/media?parent=88999"}],"wp:term":[{"taxonomy":"category","embeddable":true,"href":"https:\/\/www.tvnovelas.com.br\/tvnews\/wp-json\/wp\/v2\/categories?post=88999"},{"taxonomy":"post_tag","embeddable":true,"href":"https:\/\/www.tvnovelas.com.br\/tvnews\/wp-json\/wp\/v2\/tags?post=88999"}],"curies":[{"name":"wp","href":"https:\/\/api.w.org\/{rel}","templated":true}]}}