{"id":90055,"date":"2026-04-26T10:26:44","date_gmt":"2026-04-26T13:26:44","guid":{"rendered":"https:\/\/www.tvnovelas.com.br\/tvnews\/?p=90055"},"modified":"2026-04-26T10:26:44","modified_gmt":"2026-04-26T13:26:44","slug":"coracao-acelerado-mulher-choca-janete-ao-se-apresentar-como-amante-do-palhares","status":"publish","type":"post","link":"https:\/\/www.tvnovelas.com.br\/tvnews\/coracao-acelerado-mulher-choca-janete-ao-se-apresentar-como-amante-do-palhares\/","title":{"rendered":"Cora\u00e7\u00e3o Acelerado: Mulher choca Janete ao se apresentar como amante do Palhares"},"content":{"rendered":"<figure id=\"attachment_90056\" aria-describedby=\"caption-attachment-90056\" style=\"width: 728px\" class=\"wp-caption alignnone\"><img data-recalc-dims=\"1\" decoding=\"async\" class=\"wp-image-90056 size-full\" title=\"(Foto: TV Globo\/Cora\u00e7\u00e3o Acelerado)\" src=\"https:\/\/i0.wp.com\/www.tvnovelas.com.br\/tvnews\/wp-content\/uploads\/2026\/04\/13176.jpg?resize=728%2C410&#038;ssl=1\" alt=\"Foto em Cora\u00e7\u00e3o Acelerado: Mulher choca Janete ao se apresentar como amante do Palhares\" width=\"728\" height=\"410\" srcset=\"https:\/\/i0.wp.com\/www.tvnovelas.com.br\/tvnews\/wp-content\/uploads\/2026\/04\/13176.jpg?w=728&amp;ssl=1 728w, https:\/\/i0.wp.com\/www.tvnovelas.com.br\/tvnews\/wp-content\/uploads\/2026\/04\/13176.jpg?resize=250%2C141&amp;ssl=1 250w\" sizes=\"(max-width: 728px) 100vw, 728px\" \/><figcaption id=\"caption-attachment-90056\" class=\"wp-caption-text\">Cora\u00e7\u00e3o Acelerado: Mulher choca Janete ao se apresentar como amante do Palhares<\/figcaption><\/figure>\n<p>Em Cora\u00e7\u00e3o Acelerado, Janete (Let\u00edcia Spiller) e In\u00e1cio Palhares (Gabriel Godoy) n\u00e3o est\u00e3o na sua melhor fase amorosa e a rela\u00e7\u00e3o dos dois ficar\u00e1 ainda mais estremecida. Uma s\u00e9rie de situa\u00e7\u00f5es acontecer\u00e1 ao mesmo tempo: enquanto um homem misterioso invade o quarto do Leandro (David Junior), um outro sujeito vai at\u00e9 o Zuzanete para fazer uma acusa\u00e7\u00e3o ao radialista:<\/p>\n<p>&#8220;O safado \u00e9 amante da minha mulher!&#8221;, grita um homem que ningu\u00e9m conhece.<\/p>\n<p>&#8220;Eu???!!! Sou n\u00e3o! Juro!&#8221;, defende-se Palhares, alarmado.<\/p>\n<p>&#8220;Ela confessou, palha\u00e7o! Vou acabar com voc\u00ea!&#8221;, acusa o suposto marido, tentando atacar Palhares.<\/p>\n<p>Zeca (Luiz Henrique Nogueira) avisa que vai chamar a pol\u00edcia e o homem deixa o local, amea\u00e7ando o seu rival. Janete fica enciumada e diz:<\/p>\n<p>&#8220;Pelo jeito a esposa dele j\u00e1 te viu!&#8221;<\/p>\n<p>&#8220;Nunca! Sei l\u00e1 quem \u00e9 a mulher dele!&#8221;, promete Palhares.<\/p>\n<p>Mais tarde, Janete continua demonstrando o seu ci\u00fames por causa do ocorrido. Palhares vai atr\u00e1s e promete que n\u00e3o tem relacionamento com nenhuma outra mulher. Quando os dois est\u00e3o prestes a ficar bem, aparece uma linda mo\u00e7a, visivelmente aflita.<\/p>\n<p>&#8220;Palhares! Meu marido descobriu tudo, me botou na rua! Deixa eu ficar aqui na tua pens\u00e3o hoje, amor?&#8221;, pergunta a mulher, abra\u00e7ando o radialista na frente da Janete.<br \/>\n<!--FIM DO POST--><br \/>\n<a href=\"https:\/\/tvnovelas.com.br\/novelas\/resumos-de-coracao-acelerado\/\" target=\"_blank\" rel=\"noopener\">Resumos dos cap\u00edtulos de Cora\u00e7\u00e3o Acelerado<\/a><br \/>\n<strong>Saiba mais:<\/strong><br \/>\n<a href=\"https:\/\/wp.me\/pfspD2-W3\" target=\"_blank\" rel=\"noopener\">Cora\u00e7\u00e3o Acelerado: A trajet\u00f3ria da fam\u00edlia Sampaio Garcia<\/a><br \/>\n<a href=\"https:\/\/pt.wikipedia.org\/wiki\/Cora%C3%A7%C3%A3o_Acelerado\" target=\"_blank\" rel=\"noopener\">Sobre Cora\u00e7\u00e3o Acelerado na Wikipedia<\/a><br \/>\n<div class=\"pt-cv-wrapper\"><h2 class='pt-cv-heading-container heading2' data-blockid='9b88c0b6t2'><span class='pt-cv-heading'> \u00daltimas da novela <\/span><\/h2><div class=\"pt-cv-view pt-cv-grid pt-cv-colsys\" id=\"pt-cv-view-9b88c0b6t2\"><div data-id=\"pt-cv-page-1\" class=\"pt-cv-page\" data-cvc=\"1\"><div class=\"col-md-12 col-sm-12 col-xs-12 pt-cv-content-item pt-cv-1-col\" ><div class='pt-cv-ifield'><h4 class=\"pt-cv-title\"><a href=\"https:\/\/www.tvnovelas.com.br\/tvnews\/dona-de-mim-abel-aparece-e-salva-sofia-do-incendio\/\" class=\"_blank\" target=\"_blank\" >Dona de Mim: Abel \u2018aparece&#8217; e salva Sofia do inc\u00eandio<\/a><\/h4><\/div><\/div>\n<div class=\"col-md-12 col-sm-12 col-xs-12 pt-cv-content-item pt-cv-1-col\" ><div class='pt-cv-ifield'><h4 class=\"pt-cv-title\"><a href=\"https:\/\/www.tvnovelas.com.br\/tvnews\/dona-de-mim-jaques-coloca-fogo-na-boaz\/\" class=\"_blank\" target=\"_blank\" >Dona de Mim: Jaques coloca fogo na Boaz<\/a><\/h4><\/div><\/div>\n<div class=\"col-md-12 col-sm-12 col-xs-12 pt-cv-content-item pt-cv-1-col\" ><div class='pt-cv-ifield'><h4 class=\"pt-cv-title\"><a href=\"https:\/\/www.tvnovelas.com.br\/tvnews\/dona-de-mim-davi-e-barbara-sofrem-grave-acidente\/\" class=\"_blank\" target=\"_blank\" >Dona de Mim: Davi e B\u00e1rbara sofrem grave acidente<\/a><\/h4><\/div><\/div><\/div><\/div><\/div><\/p>\n<div style=\"font-size: 150%;\"><h3>Confira tamb\u00e9m<\/h3>\r\n<a href=\"https:\/\/tvnovelas.com.br\/novelas\/\" rel=\"noopener\" target=\"_blank\"><strong>Todos os resumos de novelas<\/strong><\/a><\/br>\r\n<a href=\"https:\/\/www.tvnovelas.com.br\/tvnews\/\" rel=\"noopener\" target=\"_blank\"><strong>\u00daltimas not\u00edcias das novelas<\/strong><\/a><\/br>\r\n<a href=\"https:\/\/www.tvnovelas.com.br\/filmes\/\" target=\"_blank\" rel=\"noopener noreferrer\"><strong>Programa\u00e7\u00e3o de filmes na TV aberta<\/strong><\/a><\/br>\r\n<a href=\"https:\/\/caetenews.com.br\/semana\/filmes-da-globo-na-sessao-da-tarde-desta-semana\/\" target=\"_blank\" rel=\"noopener\"><strong>Confira os filmes da semana na Sess\u00e3o da Tarde<\/strong><\/a><\/br>\r\n<a href=\"https:\/\/classindportal.mj.gov.br\/consulta-filmes\" target=\"_blank\" rel=\"noopener\"><strong>Consulte a classifica\u00e7\u00e3o indicativa dos filmes e novelas<\/strong><\/a><\/br><\/div>\n","protected":false},"excerpt":{"rendered":"<p>Cora\u00e7\u00e3o Acelerado: Mulher choca Janete ao se apresentar como amante do Palhares&#8230;  Janete e In\u00e1cio Palhares n\u00e3o est\u00e3o na sua melhor fase amorosa e a rela\u00e7\u00e3o&#8230;<\/p>\n","protected":false},"author":1,"featured_media":90056,"comment_status":"closed","ping_status":"closed","sticky":false,"template":"","format":"standard","meta":{"_uf_show_specific_survey":0,"_uf_disable_surveys":false,"_jetpack_memberships_contains_paid_content":false,"footnotes":"","_wp_rev_ctl_limit":""},"categories":[1031],"tags":[1043,5,64],"class_list":["post-90055","post","type-post","status-publish","format-standard","has-post-thumbnail","hentry","category-coracao-acelerado","tag-coracao-acelerado","tag-globo","tag-novelas","wpcat-1031-id"],"aioseo_notices":[],"jetpack_featured_media_url":"https:\/\/i0.wp.com\/www.tvnovelas.com.br\/tvnews\/wp-content\/uploads\/2026\/04\/13176.jpg?fit=728%2C410&ssl=1","jetpack_shortlink":"https:\/\/wp.me\/pdP2BO-nqv","jetpack_sharing_enabled":true,"_links":{"self":[{"href":"https:\/\/www.tvnovelas.com.br\/tvnews\/wp-json\/wp\/v2\/posts\/90055","targetHints":{"allow":["GET"]}}],"collection":[{"href":"https:\/\/www.tvnovelas.com.br\/tvnews\/wp-json\/wp\/v2\/posts"}],"about":[{"href":"https:\/\/www.tvnovelas.com.br\/tvnews\/wp-json\/wp\/v2\/types\/post"}],"author":[{"embeddable":true,"href":"https:\/\/www.tvnovelas.com.br\/tvnews\/wp-json\/wp\/v2\/users\/1"}],"replies":[{"embeddable":true,"href":"https:\/\/www.tvnovelas.com.br\/tvnews\/wp-json\/wp\/v2\/comments?post=90055"}],"version-history":[{"count":1,"href":"https:\/\/www.tvnovelas.com.br\/tvnews\/wp-json\/wp\/v2\/posts\/90055\/revisions"}],"predecessor-version":[{"id":90057,"href":"https:\/\/www.tvnovelas.com.br\/tvnews\/wp-json\/wp\/v2\/posts\/90055\/revisions\/90057"}],"wp:featuredmedia":[{"embeddable":true,"href":"https:\/\/www.tvnovelas.com.br\/tvnews\/wp-json\/wp\/v2\/media\/90056"}],"wp:attachment":[{"href":"https:\/\/www.tvnovelas.com.br\/tvnews\/wp-json\/wp\/v2\/media?parent=90055"}],"wp:term":[{"taxonomy":"category","embeddable":true,"href":"https:\/\/www.tvnovelas.com.br\/tvnews\/wp-json\/wp\/v2\/categories?post=90055"},{"taxonomy":"post_tag","embeddable":true,"href":"https:\/\/www.tvnovelas.com.br\/tvnews\/wp-json\/wp\/v2\/tags?post=90055"}],"curies":[{"name":"wp","href":"https:\/\/api.w.org\/{rel}","templated":true}]}}