{"id":90098,"date":"2026-04-28T16:06:35","date_gmt":"2026-04-28T19:06:35","guid":{"rendered":"https:\/\/www.tvnovelas.com.br\/tvnews\/?p=90098"},"modified":"2026-04-28T17:29:59","modified_gmt":"2026-04-28T20:29:59","slug":"coracao-de-mae-atilla-confronta-hasan-e-exige-o-divorcio-de-lale","status":"publish","type":"post","link":"https:\/\/www.tvnovelas.com.br\/tvnews\/coracao-de-mae-atilla-confronta-hasan-e-exige-o-divorcio-de-lale\/","title":{"rendered":"Cora\u00e7\u00e3o de M\u00e3e: Atilla confronta Hasan e exige o div\u00f3rcio de Lale"},"content":{"rendered":"<figure id=\"attachment_90097\" aria-describedby=\"caption-attachment-90097\" style=\"width: 728px\" class=\"wp-caption alignnone\"><img data-recalc-dims=\"1\" decoding=\"async\" class=\"wp-image-90097 size-full\" title=\"(Foto: Record TV\/Cora\u00e7\u00e3o de M\u00e3e)\" src=\"https:\/\/i0.wp.com\/www.tvnovelas.com.br\/tvnews\/wp-content\/uploads\/2026\/04\/13185.jpg?resize=728%2C410&#038;ssl=1\" alt=\"Foto em Cora\u00e7\u00e3o de M\u00e3e: Atilla confronta Hasan e exige o div\u00f3rcio de Lale\" width=\"728\" height=\"410\" srcset=\"https:\/\/i0.wp.com\/www.tvnovelas.com.br\/tvnews\/wp-content\/uploads\/2026\/04\/13185.jpg?w=728&amp;ssl=1 728w, https:\/\/i0.wp.com\/www.tvnovelas.com.br\/tvnews\/wp-content\/uploads\/2026\/04\/13185.jpg?resize=250%2C141&amp;ssl=1 250w\" sizes=\"(max-width: 728px) 100vw, 728px\" \/><figcaption id=\"caption-attachment-90097\" class=\"wp-caption-text\">Cora\u00e7\u00e3o de M\u00e3e: Atilla confronta Hasan e exige o div\u00f3rcio de Lale<\/figcaption><\/figure>\n<p>Em Cora\u00e7\u00e3o de M\u00e3e, nesta ter\u00e7a, dia 28, Hasan demonstra seu poder ao capturar Kadin, seu maior rival, mas a vit\u00f3ria \u00e9 ofuscada pela rebeldia do filho. Atilla enfrenta o pai abertamente, deixando claro que n\u00e3o pretende mais sujar as m\u00e3os com os neg\u00f3cios da m\u00e1fia. Disposto a recome\u00e7ar, ele comunica a Lale que o casamento chegou ao fim, mas a loira j\u00e1 planeja uma contraofensiva aliada a Reha para manter seu status.<\/p>\n<p>Karsu atende ao desejo de Tilsim e a matricula no bal\u00e9. Decidida a retomar o controle de sua vida, ela exige que Reha arque com todos os custos da educa\u00e7\u00e3o da filha. Filiz compartilha com as herdeiras o encantamento pelo jantar com Hasan, sentindo-se cada vez mais envolvida pelo magnetismo do veterano. Mesmo sob press\u00e3o, Karsu se mant\u00e9m resiliente em seu posto de trabalho, ignorando as tentativas de Lale de afast\u00e1-la de Atilla.<\/p>\n<p>O dia termina com Dilaver tentando mediar o conflito familiar entre pai e filho, em busca de uma reaproxima\u00e7\u00e3o entre os dois. Para fechar com chave de ouro, Karsu \u00e9 surpreendida por uma novidade inesperada: a chegada de um novo vizinho comercial ao lado da livraria.<\/p>\n<h2 style=\"color: #e87f24;\">Resumo de ter\u00e7a-feira, 28 de abril<\/h2>\n<p>Hasan consegue capturar seu inimigo, Kadin. Atilla enfrenta o pai e anuncia que n\u00e3o trabalhar\u00e1 mais para a m\u00e1fia. O filho de Hasan tamb\u00e9m comunica a Lale que quer o div\u00f3rcio. Karsu aceita matricular Tilsim no bal\u00e9 e estabelece que Reha pague pelas aulas. Filiz conta \u00e0s filhas como foi o jantar e, encantada com a aten\u00e7\u00e3o que recebeu, se envolve cada vez mais com Hasan. Karsu decide seguir firme no trabalho na livraria. Determinada, Lale revela a Reha que n\u00e3o pretende conceder o div\u00f3rcio a Atilla. Em seguida, procura Karsu e tenta afast\u00e1-la dele. Dilaver vai atr\u00e1s de Atilla para tentar reconcili\u00e1-lo com o pai. Para completar, Karsu tem uma surpresa ao descobrir quem \u00e9 o novo vizinho da livraria.<br \/>\n<iframe style=\"border: none; overflow: hidden;\" src=\"https:\/\/www.facebook.com\/plugins\/post.php?href=https%3A%2F%2Fwww.facebook.com%2Ftevenovelas%2Fposts%2Fpfbid0rFAYFHEKm9s3FHYh89AAXK2tb4tyqB89ZM8bcxxTggixc9HfHTPn34cStd9xCDT7l&amp;show_text=true&amp;width=500\" width=\"500\" height=\"528\" frameborder=\"0\" scrolling=\"no\" allowfullscreen=\"allowfullscreen\"><\/iframe><br \/>\n<!--FIM--><\/p>\n<h2>Saiba mais<\/h2>\n<p><a href=\"https:\/\/tvnovelas.com.br\/novelas\/resumos-de-coracao-de-mae\/\" target=\"_blank\" rel=\"noopener\">Resumos dos cap\u00edtulos da semana de Cora\u00e7\u00e3o de M\u00e3e<\/a><br \/>\n<div class=\"pt-cv-wrapper\"><h1 class='pt-cv-heading-container heading2' data-blockid='dc296283li'><span class='pt-cv-heading'> \u00daltimas da novela <\/span><\/h1><div class=\"pt-cv-view pt-cv-grid pt-cv-colsys\" id=\"pt-cv-view-dc296283li\"><div data-id=\"pt-cv-page-1\" class=\"pt-cv-page\" data-cvc=\"1\"><div class=\"col-md-12 col-sm-12 col-xs-12 pt-cv-content-item pt-cv-1-col\" ><div class='pt-cv-ifield'><h4 class=\"pt-cv-title\"><a href=\"https:\/\/www.tvnovelas.com.br\/tvnews\/coracao-de-mae-atilla-diz-a-lale-que-quer-o-divorcio\/\" class=\"_self\" target=\"_self\" >Cora\u00e7\u00e3o de M\u00e3e: Atilla diz a Lale que quer o div\u00f3rcio<\/a><\/h4><\/div><\/div>\n<div class=\"col-md-12 col-sm-12 col-xs-12 pt-cv-content-item pt-cv-1-col\" ><div class='pt-cv-ifield'><h4 class=\"pt-cv-title\"><a href=\"https:\/\/www.tvnovelas.com.br\/tvnews\/coracao-de-mae-atilla-decide-abrir-o-jogo-com-karsu\/\" class=\"_self\" target=\"_self\" >Cora\u00e7\u00e3o de M\u00e3e: Atilla decide abrir o jogo com Karsu<\/a><\/h4><\/div><\/div>\n<div class=\"col-md-12 col-sm-12 col-xs-12 pt-cv-content-item pt-cv-1-col\" ><div class='pt-cv-ifield'><h4 class=\"pt-cv-title\"><a href=\"https:\/\/www.tvnovelas.com.br\/tvnews\/coracao-de-mae-adnan-e-preso-apos-denuncia-de-irmak\/\" class=\"_self\" target=\"_self\" >Em Cora\u00e7\u00e3o de M\u00e3e: Adnan \u00e9 preso ap\u00f3s denuncia de Irmak<\/a><\/h4><\/div><\/div>\n<div class=\"col-md-12 col-sm-12 col-xs-12 pt-cv-content-item pt-cv-1-col\" ><div class='pt-cv-ifield'><h4 class=\"pt-cv-title\"><a href=\"https:\/\/www.tvnovelas.com.br\/tvnews\/coracao-de-mae-atilla-forca-karsu-a-ouvir-suas-explicacoes\/\" class=\"_self\" target=\"_self\" >Cora\u00e7\u00e3o de M\u00e3e: Atilla for\u00e7a Karsu a ouvir suas explica\u00e7\u00f5es<\/a><\/h4><\/div><\/div>\n<div class=\"col-md-12 col-sm-12 col-xs-12 pt-cv-content-item pt-cv-1-col\" ><div class='pt-cv-ifield'><h4 class=\"pt-cv-title\"><a href=\"https:\/\/www.tvnovelas.com.br\/tvnews\/em-coracao-de-mae-nos-capitulos-da-semana-27-4-a-1o-05\/\" class=\"_self\" target=\"_self\" >Em Cora\u00e7\u00e3o de M\u00e3e nos cap\u00edtulos da semana (27\/4 a 1\u00ba\/05)<\/a><\/h4><\/div><\/div><\/div><\/div><\/div><br \/>\n<strong>Talvez voc\u00ea se interesse tamb\u00e9m<\/strong><br \/>\n<a href=\"https:\/\/pt.wikipedia.org\/wiki\/Sand%C4%B1k_Kokusu\">Cora\u00e7\u00e3o de M\u00e3e, na Wikipedia<\/a><br \/>\n<a href=\"https:\/\/classindportal.mj.gov.br\/consulta-filmes\" target=\"_blank\" rel=\"noopener\">Consulte a classifica\u00e7\u00e3o indicativa das novelas<\/a><\/p>\n<div style=\"font-size: 120%;\"><h3>Confira tamb\u00e9m<\/h3>\r\n<a href=\"https:\/\/tvnovelas.com.br\/novelas\/\" rel=\"noopener\" target=\"_blank\"><strong>Todos os resumos de novelas<\/strong><\/a><\/br>\r\n<a href=\"https:\/\/www.tvnovelas.com.br\/tvnews\/\" rel=\"noopener\" target=\"_blank\"><strong>\u00daltimas not\u00edcias das novelas<\/strong><\/a><\/br>\r\n<a href=\"https:\/\/www.tvnovelas.com.br\/filmes\/\" target=\"_blank\" rel=\"noopener noreferrer\"><strong>Programa\u00e7\u00e3o de filmes na TV aberta<\/strong><\/a><\/br>\r\n<a href=\"https:\/\/caetenews.com.br\/semana\/filmes-da-globo-na-sessao-da-tarde-desta-semana\/\" target=\"_blank\" rel=\"noopener\"><strong>Confira os filmes da semana na Sess\u00e3o da Tarde<\/strong><\/a><\/br>\r\n<a href=\"https:\/\/classindportal.mj.gov.br\/consulta-filmes\" target=\"_blank\" rel=\"noopener\"><strong>Consulte a classifica\u00e7\u00e3o indicativa dos filmes e novelas<\/strong><\/a><\/br><\/div>\n","protected":false},"excerpt":{"rendered":"<p>Cora\u00e7\u00e3o de M\u00e3e: Atilla confronta Hasan e exige o div\u00f3rcio de Lale&#8230;<\/p>\n","protected":false},"author":1,"featured_media":0,"comment_status":"closed","ping_status":"closed","sticky":false,"template":"","format":"standard","meta":{"_uf_show_specific_survey":0,"_uf_disable_surveys":false,"_jetpack_memberships_contains_paid_content":false,"footnotes":"","_wp_rev_ctl_limit":""},"categories":[353],"tags":[1048,64,14],"class_list":["post-90098","post","type-post","status-publish","format-standard","hentry","category-resumos-de-novelas","tag-coracao-de-mae","tag-novelas","tag-record","wpcat-353-id"],"aioseo_notices":[],"jetpack_featured_media_url":"","jetpack_shortlink":"https:\/\/wp.me\/pdP2BO-nrc","jetpack_sharing_enabled":true,"_links":{"self":[{"href":"https:\/\/www.tvnovelas.com.br\/tvnews\/wp-json\/wp\/v2\/posts\/90098","targetHints":{"allow":["GET"]}}],"collection":[{"href":"https:\/\/www.tvnovelas.com.br\/tvnews\/wp-json\/wp\/v2\/posts"}],"about":[{"href":"https:\/\/www.tvnovelas.com.br\/tvnews\/wp-json\/wp\/v2\/types\/post"}],"author":[{"embeddable":true,"href":"https:\/\/www.tvnovelas.com.br\/tvnews\/wp-json\/wp\/v2\/users\/1"}],"replies":[{"embeddable":true,"href":"https:\/\/www.tvnovelas.com.br\/tvnews\/wp-json\/wp\/v2\/comments?post=90098"}],"version-history":[{"count":3,"href":"https:\/\/www.tvnovelas.com.br\/tvnews\/wp-json\/wp\/v2\/posts\/90098\/revisions"}],"predecessor-version":[{"id":90101,"href":"https:\/\/www.tvnovelas.com.br\/tvnews\/wp-json\/wp\/v2\/posts\/90098\/revisions\/90101"}],"wp:attachment":[{"href":"https:\/\/www.tvnovelas.com.br\/tvnews\/wp-json\/wp\/v2\/media?parent=90098"}],"wp:term":[{"taxonomy":"category","embeddable":true,"href":"https:\/\/www.tvnovelas.com.br\/tvnews\/wp-json\/wp\/v2\/categories?post=90098"},{"taxonomy":"post_tag","embeddable":true,"href":"https:\/\/www.tvnovelas.com.br\/tvnews\/wp-json\/wp\/v2\/tags?post=90098"}],"curies":[{"name":"wp","href":"https:\/\/api.w.org\/{rel}","templated":true}]}}