{"id":90120,"date":"2026-04-29T11:17:13","date_gmt":"2026-04-29T14:17:13","guid":{"rendered":"https:\/\/www.tvnovelas.com.br\/tvnews\/?p=90120"},"modified":"2026-04-29T11:17:13","modified_gmt":"2026-04-29T14:17:13","slug":"guerra-das-rosas-omer-chama-gulru-vestida-de-noiva-para-fugir","status":"publish","type":"post","link":"https:\/\/www.tvnovelas.com.br\/tvnews\/guerra-das-rosas-omer-chama-gulru-vestida-de-noiva-para-fugir\/","title":{"rendered":"Guerra das Rosas: Omer chama Gulru vestida de noiva para fugir"},"content":{"rendered":"<figure id=\"attachment_90121\" aria-describedby=\"caption-attachment-90121\" style=\"width: 728px\" class=\"wp-caption alignnone\"><img data-recalc-dims=\"1\" decoding=\"async\" class=\"wp-image-90121 size-full\" title=\"(Foto: Reprodu\u00e7\u00e3o\/Band\/Guerra das Rosas)\" src=\"https:\/\/i0.wp.com\/www.tvnovelas.com.br\/tvnews\/wp-content\/uploads\/2026\/04\/13190.jpg?resize=728%2C410&#038;ssl=1\" alt=\"Foto em Guerra das Rosas: Omer chama Gulru vestida de noiva para fugir\" width=\"728\" height=\"410\" srcset=\"https:\/\/i0.wp.com\/www.tvnovelas.com.br\/tvnews\/wp-content\/uploads\/2026\/04\/13190.jpg?w=728&amp;ssl=1 728w, https:\/\/i0.wp.com\/www.tvnovelas.com.br\/tvnews\/wp-content\/uploads\/2026\/04\/13190.jpg?resize=250%2C141&amp;ssl=1 250w\" sizes=\"(max-width: 728px) 100vw, 728px\" \/><figcaption id=\"caption-attachment-90121\" class=\"wp-caption-text\">Guerra das Rosas: Omer chama Gulru vestida de noiva para fugir<\/figcaption><\/figure>\n<p>No cap\u00edtulo de Guerra das Rosas desta quarta, dia 29, Mert clama por perd\u00e3o ap\u00f3s ferir Omer com uma faca.<\/p>\n<p>Depois de contemplar Gulru vestida de noiva, Omer se declara e a chama para fugir com ele.<\/p>\n<p>Ainda com o figurino da cerim\u00f4nia, Gulru corre para o aeroporto atr\u00e1s de Omer.<\/p>\n<h2 style=\"color: #e87f24;\">Resumo de quarta-feira, 29 de abril<\/h2>\n<p>Mert clama por perd\u00e3o ap\u00f3s ferir Omer com uma faca. O motorista bate em Mine. Depois de contemplar Gulru vestida de noiva, Omer se declara e a chama para fugir com ele. Yener invade a celebra\u00e7\u00e3o com a pol\u00edcia e Mert \u00e9 encaminhado para a delegacia. Ainda com o figurino da cerim\u00f4nia, Gulru corre para o aeroporto atr\u00e1s de Omer.<br \/>\n<!--FIM--><a href=\"https:\/\/wp.me\/p8dmjy-cmp\" target=\"_blank\" rel=\"noopener\">Resumos dos cap\u00edtulos de Cruel Istambul<\/a><br \/>\n<div class=\"pt-cv-wrapper\"><h2 class='pt-cv-heading-container heading2' data-blockid='a345a61vot'><span class='pt-cv-heading'> \u00daltimas da novela <\/span><\/h2><div class=\"pt-cv-view pt-cv-grid pt-cv-colsys\" id=\"pt-cv-view-a345a61vot\"><div data-id=\"pt-cv-page-1\" class=\"pt-cv-page\" data-cvc=\"1\"><div class=\"col-md-12 col-sm-12 col-xs-12 pt-cv-content-item pt-cv-1-col\" ><div class='pt-cv-ifield'><h4 class=\"pt-cv-title\"><a href=\"https:\/\/www.tvnovelas.com.br\/tvnews\/guerra-das-rosas-omer-chama-gulru-vestida-de-noiva-para-fugir\/\" class=\"_self\" target=\"_self\" >Guerra das Rosas: Omer chama Gulru vestida de noiva para fugir<\/a><\/h4><\/div><\/div>\n<div class=\"col-md-12 col-sm-12 col-xs-12 pt-cv-content-item pt-cv-1-col\" ><div class='pt-cv-ifield'><h4 class=\"pt-cv-title\"><a href=\"https:\/\/www.tvnovelas.com.br\/tvnews\/guerra-das-rosas-gulfem-coloca-gulru-contra-a-parede\/\" class=\"_self\" target=\"_self\" >Guerra das Rosas: Gulfem coloca Gulru contra a parede<\/a><\/h4><\/div><\/div>\n<div class=\"col-md-12 col-sm-12 col-xs-12 pt-cv-content-item pt-cv-1-col\" ><div class='pt-cv-ifield'><h4 class=\"pt-cv-title\"><a href=\"https:\/\/www.tvnovelas.com.br\/tvnews\/guerra-das-rosas-cihan-se-revolta-com-noivado-de-gulru\/\" class=\"_self\" target=\"_self\" >Guerra das Rosas: Cihan se revolta com noivado de Gulru<\/a><\/h4><\/div><\/div>\n<div class=\"col-md-12 col-sm-12 col-xs-12 pt-cv-content-item pt-cv-1-col\" ><div class='pt-cv-ifield'><h4 class=\"pt-cv-title\"><a href=\"https:\/\/www.tvnovelas.com.br\/tvnews\/em-guerra-das-rosas-nos-proximos-capitulos-06-a-10-4\/\" class=\"_self\" target=\"_self\" >Em Guerra das Rosas nos pr\u00f3ximos cap\u00edtulos (06 a 10\/4)<\/a><\/h4><\/div><\/div>\n<div class=\"col-md-12 col-sm-12 col-xs-12 pt-cv-content-item pt-cv-1-col\" ><div class='pt-cv-ifield'><h4 class=\"pt-cv-title\"><a href=\"https:\/\/www.tvnovelas.com.br\/tvnews\/em-guerra-das-rosas-na-semana-30-3-a-03-de-abril\/\" class=\"_self\" target=\"_self\" >Resumos de Guerra das Rosas da semana 30\/3 a 03 de abril<\/a><\/h4><\/div><\/div><\/div><\/div><\/div><br \/>\n<strong>Saiba mais<\/strong><br \/>\n<a href=\"https:\/\/wp.me\/pfspD2-WC\" target=\"_blank\" rel=\"noopener\">Guerra das Rosas: A menina rica, a menina pobre e um abismo<\/a><br \/>\n<a href=\"https:\/\/pt.wikipedia.org\/wiki\/G%C3%BCllerin_Sava%C5%9F%C4%B1\" target=\"_blank\" rel=\"noopener\">Guerra das Rosa na Wikipedia<\/a><\/p>\n<div style=\"font-size: 150%O;\"><h3>Confira tamb\u00e9m<\/h3>\r\n<a href=\"https:\/\/tvnovelas.com.br\/novelas\/\" rel=\"noopener\" target=\"_blank\"><strong>Todos os resumos de novelas<\/strong><\/a><\/br>\r\n<a href=\"https:\/\/www.tvnovelas.com.br\/tvnews\/\" rel=\"noopener\" target=\"_blank\"><strong>\u00daltimas not\u00edcias das novelas<\/strong><\/a><\/br>\r\n<a href=\"https:\/\/www.tvnovelas.com.br\/filmes\/\" target=\"_blank\" rel=\"noopener noreferrer\"><strong>Programa\u00e7\u00e3o de filmes na TV aberta<\/strong><\/a><\/br>\r\n<a href=\"https:\/\/caetenews.com.br\/semana\/filmes-da-globo-na-sessao-da-tarde-desta-semana\/\" target=\"_blank\" rel=\"noopener\"><strong>Confira os filmes da semana na Sess\u00e3o da Tarde<\/strong><\/a><\/br>\r\n<a href=\"https:\/\/classindportal.mj.gov.br\/consulta-filmes\" target=\"_blank\" rel=\"noopener\"><strong>Consulte a classifica\u00e7\u00e3o indicativa dos filmes e novelas<\/strong><\/a><\/br><\/div>\n","protected":false},"excerpt":{"rendered":"<p>Guerra das Rosas: Omer chama Gulru vestida de noiva para fugir&#8230;  No cap\u00edtulo de Guerra das Rosas desta quarta, dia 29, Mert clama por perd\u00e3o&#8230;<\/p>\n","protected":false},"author":1,"featured_media":90121,"comment_status":"closed","ping_status":"closed","sticky":false,"template":"","format":"standard","meta":{"_uf_show_specific_survey":0,"_uf_disable_surveys":false,"_jetpack_memberships_contains_paid_content":false,"footnotes":"","_wp_rev_ctl_limit":""},"categories":[1057],"tags":[43,1058,64],"class_list":["post-90120","post","type-post","status-publish","format-standard","has-post-thumbnail","hentry","category-guerra-das-rosas","tag-band","tag-guerra-das-rosas","tag-novelas","wpcat-1057-id"],"aioseo_notices":[],"jetpack_featured_media_url":"https:\/\/i0.wp.com\/www.tvnovelas.com.br\/tvnews\/wp-content\/uploads\/2026\/04\/13190.jpg?fit=728%2C410&ssl=1","jetpack_shortlink":"https:\/\/wp.me\/pdP2BO-nry","jetpack_sharing_enabled":true,"_links":{"self":[{"href":"https:\/\/www.tvnovelas.com.br\/tvnews\/wp-json\/wp\/v2\/posts\/90120","targetHints":{"allow":["GET"]}}],"collection":[{"href":"https:\/\/www.tvnovelas.com.br\/tvnews\/wp-json\/wp\/v2\/posts"}],"about":[{"href":"https:\/\/www.tvnovelas.com.br\/tvnews\/wp-json\/wp\/v2\/types\/post"}],"author":[{"embeddable":true,"href":"https:\/\/www.tvnovelas.com.br\/tvnews\/wp-json\/wp\/v2\/users\/1"}],"replies":[{"embeddable":true,"href":"https:\/\/www.tvnovelas.com.br\/tvnews\/wp-json\/wp\/v2\/comments?post=90120"}],"version-history":[{"count":2,"href":"https:\/\/www.tvnovelas.com.br\/tvnews\/wp-json\/wp\/v2\/posts\/90120\/revisions"}],"predecessor-version":[{"id":90123,"href":"https:\/\/www.tvnovelas.com.br\/tvnews\/wp-json\/wp\/v2\/posts\/90120\/revisions\/90123"}],"wp:featuredmedia":[{"embeddable":true,"href":"https:\/\/www.tvnovelas.com.br\/tvnews\/wp-json\/wp\/v2\/media\/90121"}],"wp:attachment":[{"href":"https:\/\/www.tvnovelas.com.br\/tvnews\/wp-json\/wp\/v2\/media?parent=90120"}],"wp:term":[{"taxonomy":"category","embeddable":true,"href":"https:\/\/www.tvnovelas.com.br\/tvnews\/wp-json\/wp\/v2\/categories?post=90120"},{"taxonomy":"post_tag","embeddable":true,"href":"https:\/\/www.tvnovelas.com.br\/tvnews\/wp-json\/wp\/v2\/tags?post=90120"}],"curies":[{"name":"wp","href":"https:\/\/api.w.org\/{rel}","templated":true}]}}