{"id":90144,"date":"2026-04-30T09:45:07","date_gmt":"2026-04-30T12:45:07","guid":{"rendered":"https:\/\/www.tvnovelas.com.br\/tvnews\/?p=90144"},"modified":"2026-04-30T09:45:07","modified_gmt":"2026-04-30T12:45:07","slug":"coracao-de-mae-irmak-denuncia-adnan","status":"publish","type":"post","link":"https:\/\/www.tvnovelas.com.br\/tvnews\/coracao-de-mae-irmak-denuncia-adnan\/","title":{"rendered":"Cora\u00e7\u00e3o de M\u00e3e: Irmak denuncia Adnan"},"content":{"rendered":"<figure id=\"attachment_90145\" aria-describedby=\"caption-attachment-90145\" style=\"width: 728px\" class=\"wp-caption alignnone\"><img data-recalc-dims=\"1\" decoding=\"async\" class=\"wp-image-90145 size-full\" title=\"(Foto: Record TV\/Cora\u00e7\u00e3o de M\u00e3e)\" src=\"https:\/\/i0.wp.com\/www.tvnovelas.com.br\/tvnews\/wp-content\/uploads\/2026\/04\/1319.jpg?resize=728%2C410&#038;ssl=1\" alt=\"Foto em Cora\u00e7\u00e3o de M\u00e3e: Irmak denuncia Adnan\" width=\"728\" height=\"410\" srcset=\"https:\/\/i0.wp.com\/www.tvnovelas.com.br\/tvnews\/wp-content\/uploads\/2026\/04\/1319.jpg?w=728&amp;ssl=1 728w, https:\/\/i0.wp.com\/www.tvnovelas.com.br\/tvnews\/wp-content\/uploads\/2026\/04\/1319.jpg?resize=250%2C141&amp;ssl=1 250w\" sizes=\"(max-width: 728px) 100vw, 728px\" \/><figcaption id=\"caption-attachment-90145\" class=\"wp-caption-text\">Cora\u00e7\u00e3o de M\u00e3e: Irmak denuncia Adnan<\/figcaption><\/figure>\n<p>Em Cora\u00e7\u00e3o de M\u00e3e, nesta quinta, 30, Irmak conseguiu reunir os documentos de corrup\u00e7\u00e3o do computador de Adnan e os entrega \u00e0 pol\u00edcia, o culmina com a pris\u00e3o do marido. &#8220;Trai\u00e7\u00e3o n\u00e3o \u00e9 assim, \u00e9 assim!&#8221;, diz ela.<\/p>\n<p>Confira o resumo do cap\u00edtulo de hoje:<\/p>\n<h2 style=\"color: #e87f24;\">Resumo de quinta-feira, 30 de abril<\/h2>\n<p>Reha descobre que Atilla abriu uma cafeteria e vai at\u00e9 o local acompanhado de Lale. Durante o piquenique, Hasan se oferece para ajudar Filiz com problemas no condom\u00ednio. Mert pede perd\u00e3o a Karsu por ter mentido e garante que Atilla a ama e est\u00e1 disposto a fazer tudo por ela. Irmak revela \u00e0 irm\u00e3 o que descobriu sobre Adnan, enquanto Hande pressiona Reha para terem um filho. Sem entender os motivos do div\u00f3rcio da m\u00e3e, Tilsim acaba se desentendendo novamente com ela. Atilla tamb\u00e9m \u00e9 surpreendido ao ver o pai abrir um restaurante bem pr\u00f3ximo ao seu caf\u00e9. Irmak toma uma decis\u00e3o importante e vai at\u00e9 a Diretoria de Administra\u00e7\u00e3o Tribut\u00e1ria para denunciar o pr\u00f3prio marido.<br \/>\n<!--FIM--><\/p>\n<h2>Saiba mais<\/h2>\n<p><a href=\"https:\/\/tvnovelas.com.br\/novelas\/resumos-de-coracao-de-mae\/\" target=\"_blank\" rel=\"noopener\">Resumos dos cap\u00edtulos da semana de Cora\u00e7\u00e3o de M\u00e3e<\/a><br \/>\n<div class=\"pt-cv-wrapper\"><h1 class='pt-cv-heading-container heading2' data-blockid='dc296283li'><span class='pt-cv-heading'> \u00daltimas da novela <\/span><\/h1><div class=\"pt-cv-view pt-cv-grid pt-cv-colsys\" id=\"pt-cv-view-dc296283li\"><div data-id=\"pt-cv-page-1\" class=\"pt-cv-page\" data-cvc=\"1\"><div class=\"col-md-12 col-sm-12 col-xs-12 pt-cv-content-item pt-cv-1-col\" ><div class='pt-cv-ifield'><h4 class=\"pt-cv-title\"><a href=\"https:\/\/www.tvnovelas.com.br\/tvnews\/coracao-de-mae-irmak-denuncia-adnan\/\" class=\"_self\" target=\"_self\" >Cora\u00e7\u00e3o de M\u00e3e: Irmak denuncia Adnan<\/a><\/h4><\/div><\/div>\n<div class=\"col-md-12 col-sm-12 col-xs-12 pt-cv-content-item pt-cv-1-col\" ><div class='pt-cv-ifield'><h4 class=\"pt-cv-title\"><a href=\"https:\/\/www.tvnovelas.com.br\/tvnews\/coracao-de-mae-irmak-inicia-jogo-arriscado-contra-adnan\/\" class=\"_self\" target=\"_self\" >Cora\u00e7\u00e3o de M\u00e3e: Irmak inicia jogo arriscado contra Adnan<\/a><\/h4><\/div><\/div>\n<div class=\"col-md-12 col-sm-12 col-xs-12 pt-cv-content-item pt-cv-1-col\" ><div class='pt-cv-ifield'><h4 class=\"pt-cv-title\"><a href=\"https:\/\/www.tvnovelas.com.br\/tvnews\/coracao-de-mae-reha-sai-para-jantar-com-selvi\/\" class=\"_self\" target=\"_self\" >Cora\u00e7\u00e3o de M\u00e3e: Reha sai para jantar com Selvi<\/a><\/h4><\/div><\/div>\n<div class=\"col-md-12 col-sm-12 col-xs-12 pt-cv-content-item pt-cv-1-col\" ><div class='pt-cv-ifield'><h4 class=\"pt-cv-title\"><a href=\"https:\/\/www.tvnovelas.com.br\/tvnews\/coracao-de-mae-atilla-diz-a-lale-que-quer-o-divorcio\/\" class=\"_self\" target=\"_self\" >Cora\u00e7\u00e3o de M\u00e3e: Atilla diz a Lale que quer o div\u00f3rcio<\/a><\/h4><\/div><\/div>\n<div class=\"col-md-12 col-sm-12 col-xs-12 pt-cv-content-item pt-cv-1-col\" ><div class='pt-cv-ifield'><h4 class=\"pt-cv-title\"><a href=\"https:\/\/www.tvnovelas.com.br\/tvnews\/coracao-de-mae-atilla-decide-abrir-o-jogo-com-karsu\/\" class=\"_self\" target=\"_self\" >Cora\u00e7\u00e3o de M\u00e3e: Atilla decide abrir o jogo com Karsu<\/a><\/h4><\/div><\/div><\/div><\/div><\/div><br \/>\n<strong>Talvez voc\u00ea se interesse tamb\u00e9m<\/strong><br \/>\n<a href=\"https:\/\/pt.wikipedia.org\/wiki\/Sand%C4%B1k_Kokusu\">Cora\u00e7\u00e3o de M\u00e3e, na Wikipedia<\/a><br \/>\n<a href=\"https:\/\/classindportal.mj.gov.br\/consulta-filmes\" target=\"_blank\" rel=\"noopener\">Consulte a classifica\u00e7\u00e3o indicativa das novelas<\/a><\/p>\n<div style=\"font-size: 120%;\"><h3>Confira tamb\u00e9m<\/h3>\r\n<a href=\"https:\/\/tvnovelas.com.br\/novelas\/\" rel=\"noopener\" target=\"_blank\"><strong>Todos os resumos de novelas<\/strong><\/a><\/br>\r\n<a href=\"https:\/\/www.tvnovelas.com.br\/tvnews\/\" rel=\"noopener\" target=\"_blank\"><strong>\u00daltimas not\u00edcias das novelas<\/strong><\/a><\/br>\r\n<a href=\"https:\/\/www.tvnovelas.com.br\/filmes\/\" target=\"_blank\" rel=\"noopener noreferrer\"><strong>Programa\u00e7\u00e3o de filmes na TV aberta<\/strong><\/a><\/br>\r\n<a href=\"https:\/\/caetenews.com.br\/semana\/filmes-da-globo-na-sessao-da-tarde-desta-semana\/\" target=\"_blank\" rel=\"noopener\"><strong>Confira os filmes da semana na Sess\u00e3o da Tarde<\/strong><\/a><\/br>\r\n<a href=\"https:\/\/classindportal.mj.gov.br\/consulta-filmes\" target=\"_blank\" rel=\"noopener\"><strong>Consulte a classifica\u00e7\u00e3o indicativa dos filmes e novelas<\/strong><\/a><\/br><\/div>\n","protected":false},"excerpt":{"rendered":"<p>Cora\u00e7\u00e3o de M\u00e3e: Irmak denuncia Adnan&#8230;. Em Cora\u00e7\u00e3o de M\u00e3e, nesta quinta, 30, Irmak conseguiu reunir os documentos de corrup\u00e7\u00e3o do computador&#8230;<\/p>\n","protected":false},"author":1,"featured_media":90145,"comment_status":"closed","ping_status":"closed","sticky":false,"template":"","format":"standard","meta":{"_uf_show_specific_survey":0,"_uf_disable_surveys":false,"_jetpack_memberships_contains_paid_content":false,"footnotes":"","_wp_rev_ctl_limit":""},"categories":[1049],"tags":[1048,64,14],"class_list":["post-90144","post","type-post","status-publish","format-standard","has-post-thumbnail","hentry","category-coracao-de-mae","tag-coracao-de-mae","tag-novelas","tag-record","wpcat-1049-id"],"aioseo_notices":[],"jetpack_featured_media_url":"https:\/\/i0.wp.com\/www.tvnovelas.com.br\/tvnews\/wp-content\/uploads\/2026\/04\/1319.jpg?fit=728%2C410&ssl=1","jetpack_shortlink":"https:\/\/wp.me\/pdP2BO-nrW","jetpack_sharing_enabled":true,"_links":{"self":[{"href":"https:\/\/www.tvnovelas.com.br\/tvnews\/wp-json\/wp\/v2\/posts\/90144","targetHints":{"allow":["GET"]}}],"collection":[{"href":"https:\/\/www.tvnovelas.com.br\/tvnews\/wp-json\/wp\/v2\/posts"}],"about":[{"href":"https:\/\/www.tvnovelas.com.br\/tvnews\/wp-json\/wp\/v2\/types\/post"}],"author":[{"embeddable":true,"href":"https:\/\/www.tvnovelas.com.br\/tvnews\/wp-json\/wp\/v2\/users\/1"}],"replies":[{"embeddable":true,"href":"https:\/\/www.tvnovelas.com.br\/tvnews\/wp-json\/wp\/v2\/comments?post=90144"}],"version-history":[{"count":1,"href":"https:\/\/www.tvnovelas.com.br\/tvnews\/wp-json\/wp\/v2\/posts\/90144\/revisions"}],"predecessor-version":[{"id":90146,"href":"https:\/\/www.tvnovelas.com.br\/tvnews\/wp-json\/wp\/v2\/posts\/90144\/revisions\/90146"}],"wp:featuredmedia":[{"embeddable":true,"href":"https:\/\/www.tvnovelas.com.br\/tvnews\/wp-json\/wp\/v2\/media\/90145"}],"wp:attachment":[{"href":"https:\/\/www.tvnovelas.com.br\/tvnews\/wp-json\/wp\/v2\/media?parent=90144"}],"wp:term":[{"taxonomy":"category","embeddable":true,"href":"https:\/\/www.tvnovelas.com.br\/tvnews\/wp-json\/wp\/v2\/categories?post=90144"},{"taxonomy":"post_tag","embeddable":true,"href":"https:\/\/www.tvnovelas.com.br\/tvnews\/wp-json\/wp\/v2\/tags?post=90144"}],"curies":[{"name":"wp","href":"https:\/\/api.w.org\/{rel}","templated":true}]}}