{"id":90149,"date":"2026-04-30T10:27:42","date_gmt":"2026-04-30T13:27:42","guid":{"rendered":"https:\/\/www.tvnovelas.com.br\/tvnews\/?p=90149"},"modified":"2026-04-30T10:27:42","modified_gmt":"2026-04-30T13:27:42","slug":"guerra-das-rosas-cihan-vibra-com-desistencia-de-gulru-de-casar-com-mert","status":"publish","type":"post","link":"https:\/\/www.tvnovelas.com.br\/tvnews\/guerra-das-rosas-cihan-vibra-com-desistencia-de-gulru-de-casar-com-mert\/","title":{"rendered":"Guerra das Rosas: Cihan vibra com desist\u00eancia de Gulru de casar com Mert"},"content":{"rendered":"<figure id=\"attachment_90150\" aria-describedby=\"caption-attachment-90150\" style=\"width: 728px\" class=\"wp-caption alignnone\"><img data-recalc-dims=\"1\" decoding=\"async\" class=\"wp-image-90150 size-full\" title=\"(Foto: Reprodu\u00e7\u00e3o\/Band\/Guerra das Rosas)\" src=\"https:\/\/i0.wp.com\/www.tvnovelas.com.br\/tvnews\/wp-content\/uploads\/2026\/04\/13195.jpg?resize=728%2C411&#038;ssl=1\" alt=\"Foto em Guerra das Rosas: Cihan vibra com desist\u00eancia de Gulru de casar com Mert\" width=\"728\" height=\"411\" srcset=\"https:\/\/i0.wp.com\/www.tvnovelas.com.br\/tvnews\/wp-content\/uploads\/2026\/04\/13195.jpg?w=728&amp;ssl=1 728w, https:\/\/i0.wp.com\/www.tvnovelas.com.br\/tvnews\/wp-content\/uploads\/2026\/04\/13195.jpg?resize=250%2C141&amp;ssl=1 250w\" sizes=\"(max-width: 728px) 100vw, 728px\" \/><figcaption id=\"caption-attachment-90150\" class=\"wp-caption-text\">Guerra das Rosas: Cihan vibra com desist\u00eancia de Gulru de casar com Mert<\/figcaption><\/figure>\n<p>No cap\u00edtulo de Guerra das Rosas desta quinta, dia 30, Cihan vibra ao saber da desist\u00eancia de Gulru em casar com Mert.<\/p>\n<p>Gulfem recusa a demiss\u00e3o de Omer e est\u00e1 disposta a acabar com a entrevista de emprego de Gulru.<\/p>\n<p>Enquano isto, Yonca, com ci\u00fames da crescente proximidade entre G\u00fclru e \u00d6mer, tenta usar Mert para impedi-la.<\/p>\n<p>Confira o resumo do cap\u00edtulo de hoje:<\/p>\n<h2 style=\"color: #e87f24;\">Resumo de quinta-feira, 30 de abril<\/h2>\n<p>Cihan vibra ao saber da desist\u00eancia de Gulru em casar com Mert. Mine pede desculpas por ter mentido, mas confirma que Mert a beijou. Gulfem recusa a demiss\u00e3o de Omer. Taner desabafa com \u00c7i\u00e7ek. Gulfem est\u00e1 disposta a acabar com a entrevista de emprego de Gulru.<br \/>\n<!--FIM--><a href=\"https:\/\/wp.me\/p8dmjy-cmp\" target=\"_blank\" rel=\"noopener\">Resumos dos cap\u00edtulos de Cruel Istambul<\/a><br \/>\n<div class=\"pt-cv-wrapper\"><h2 class='pt-cv-heading-container heading2' data-blockid='a345a61vot'><span class='pt-cv-heading'> \u00daltimas da novela <\/span><\/h2><div class=\"pt-cv-view pt-cv-grid pt-cv-colsys\" id=\"pt-cv-view-a345a61vot\"><div data-id=\"pt-cv-page-1\" class=\"pt-cv-page\" data-cvc=\"1\"><div class=\"col-md-12 col-sm-12 col-xs-12 pt-cv-content-item pt-cv-1-col\" ><div class='pt-cv-ifield'><h4 class=\"pt-cv-title\"><a href=\"https:\/\/www.tvnovelas.com.br\/tvnews\/guerra-das-rosas-cihan-vibra-com-desistencia-de-gulru-de-casar-com-mert\/\" class=\"_self\" target=\"_self\" >Guerra das Rosas: Cihan vibra com desist\u00eancia de Gulru de casar com Mert<\/a><\/h4><\/div><\/div>\n<div class=\"col-md-12 col-sm-12 col-xs-12 pt-cv-content-item pt-cv-1-col\" ><div class='pt-cv-ifield'><h4 class=\"pt-cv-title\"><a href=\"https:\/\/www.tvnovelas.com.br\/tvnews\/guerra-das-rosas-omer-chama-gulru-vestida-de-noiva-para-fugir\/\" class=\"_self\" target=\"_self\" >Guerra das Rosas: Omer chama Gulru vestida de noiva para fugir<\/a><\/h4><\/div><\/div>\n<div class=\"col-md-12 col-sm-12 col-xs-12 pt-cv-content-item pt-cv-1-col\" ><div class='pt-cv-ifield'><h4 class=\"pt-cv-title\"><a href=\"https:\/\/www.tvnovelas.com.br\/tvnews\/guerra-das-rosas-gulfem-coloca-gulru-contra-a-parede\/\" class=\"_self\" target=\"_self\" >Guerra das Rosas: Gulfem coloca Gulru contra a parede<\/a><\/h4><\/div><\/div>\n<div class=\"col-md-12 col-sm-12 col-xs-12 pt-cv-content-item pt-cv-1-col\" ><div class='pt-cv-ifield'><h4 class=\"pt-cv-title\"><a href=\"https:\/\/www.tvnovelas.com.br\/tvnews\/guerra-das-rosas-cihan-se-revolta-com-noivado-de-gulru\/\" class=\"_self\" target=\"_self\" >Guerra das Rosas: Cihan se revolta com noivado de Gulru<\/a><\/h4><\/div><\/div>\n<div class=\"col-md-12 col-sm-12 col-xs-12 pt-cv-content-item pt-cv-1-col\" ><div class='pt-cv-ifield'><h4 class=\"pt-cv-title\"><a href=\"https:\/\/www.tvnovelas.com.br\/tvnews\/em-guerra-das-rosas-nos-proximos-capitulos-06-a-10-4\/\" class=\"_self\" target=\"_self\" >Em Guerra das Rosas nos pr\u00f3ximos cap\u00edtulos (06 a 10\/4)<\/a><\/h4><\/div><\/div><\/div><\/div><\/div><br \/>\n<strong>Saiba mais<\/strong><br \/>\n<a href=\"https:\/\/wp.me\/pfspD2-WC\" target=\"_blank\" rel=\"noopener\">Guerra das Rosas: A menina rica, a menina pobre e um abismo<\/a><br \/>\n<a href=\"https:\/\/pt.wikipedia.org\/wiki\/G%C3%BCllerin_Sava%C5%9F%C4%B1\" target=\"_blank\" rel=\"noopener\">Guerra das Rosa na Wikipedia<\/a><\/p>\n<div style=\"font-size: 150%O;\"><h3>Confira tamb\u00e9m<\/h3>\r\n<a href=\"https:\/\/tvnovelas.com.br\/novelas\/\" rel=\"noopener\" target=\"_blank\"><strong>Todos os resumos de novelas<\/strong><\/a><\/br>\r\n<a href=\"https:\/\/www.tvnovelas.com.br\/tvnews\/\" rel=\"noopener\" target=\"_blank\"><strong>\u00daltimas not\u00edcias das novelas<\/strong><\/a><\/br>\r\n<a href=\"https:\/\/www.tvnovelas.com.br\/filmes\/\" target=\"_blank\" rel=\"noopener noreferrer\"><strong>Programa\u00e7\u00e3o de filmes na TV aberta<\/strong><\/a><\/br>\r\n<a href=\"https:\/\/caetenews.com.br\/semana\/filmes-da-globo-na-sessao-da-tarde-desta-semana\/\" target=\"_blank\" rel=\"noopener\"><strong>Confira os filmes da semana na Sess\u00e3o da Tarde<\/strong><\/a><\/br>\r\n<a href=\"https:\/\/classindportal.mj.gov.br\/consulta-filmes\" target=\"_blank\" rel=\"noopener\"><strong>Consulte a classifica\u00e7\u00e3o indicativa dos filmes e novelas<\/strong><\/a><\/br><\/div>\n","protected":false},"excerpt":{"rendered":"<p>Guerra das Rosas: Cihan vibra com desist\u00eancia de Gulru de casar com Mert&#8230; No cap\u00edtulo de Guerra das Rosas desta quinta, dia 30, Cihan vibra..<\/p>\n","protected":false},"author":1,"featured_media":90150,"comment_status":"closed","ping_status":"closed","sticky":false,"template":"","format":"standard","meta":{"_uf_show_specific_survey":0,"_uf_disable_surveys":false,"_jetpack_memberships_contains_paid_content":false,"footnotes":"","_wp_rev_ctl_limit":""},"categories":[1057],"tags":[43,1058,64],"class_list":["post-90149","post","type-post","status-publish","format-standard","has-post-thumbnail","hentry","category-guerra-das-rosas","tag-band","tag-guerra-das-rosas","tag-novelas","wpcat-1057-id"],"aioseo_notices":[],"jetpack_featured_media_url":"https:\/\/i0.wp.com\/www.tvnovelas.com.br\/tvnews\/wp-content\/uploads\/2026\/04\/13195.jpg?fit=728%2C411&ssl=1","jetpack_shortlink":"https:\/\/wp.me\/pdP2BO-ns1","jetpack_sharing_enabled":true,"_links":{"self":[{"href":"https:\/\/www.tvnovelas.com.br\/tvnews\/wp-json\/wp\/v2\/posts\/90149","targetHints":{"allow":["GET"]}}],"collection":[{"href":"https:\/\/www.tvnovelas.com.br\/tvnews\/wp-json\/wp\/v2\/posts"}],"about":[{"href":"https:\/\/www.tvnovelas.com.br\/tvnews\/wp-json\/wp\/v2\/types\/post"}],"author":[{"embeddable":true,"href":"https:\/\/www.tvnovelas.com.br\/tvnews\/wp-json\/wp\/v2\/users\/1"}],"replies":[{"embeddable":true,"href":"https:\/\/www.tvnovelas.com.br\/tvnews\/wp-json\/wp\/v2\/comments?post=90149"}],"version-history":[{"count":1,"href":"https:\/\/www.tvnovelas.com.br\/tvnews\/wp-json\/wp\/v2\/posts\/90149\/revisions"}],"predecessor-version":[{"id":90151,"href":"https:\/\/www.tvnovelas.com.br\/tvnews\/wp-json\/wp\/v2\/posts\/90149\/revisions\/90151"}],"wp:featuredmedia":[{"embeddable":true,"href":"https:\/\/www.tvnovelas.com.br\/tvnews\/wp-json\/wp\/v2\/media\/90150"}],"wp:attachment":[{"href":"https:\/\/www.tvnovelas.com.br\/tvnews\/wp-json\/wp\/v2\/media?parent=90149"}],"wp:term":[{"taxonomy":"category","embeddable":true,"href":"https:\/\/www.tvnovelas.com.br\/tvnews\/wp-json\/wp\/v2\/categories?post=90149"},{"taxonomy":"post_tag","embeddable":true,"href":"https:\/\/www.tvnovelas.com.br\/tvnews\/wp-json\/wp\/v2\/tags?post=90149"}],"curies":[{"name":"wp","href":"https:\/\/api.w.org\/{rel}","templated":true}]}}