{"id":92652,"date":"2026-08-29T09:27:35","date_gmt":"2026-08-29T12:27:35","guid":{"rendered":"https:\/\/www.tvnovelas.com.br\/tvnews\/?p=92652"},"modified":"2026-08-29T09:27:35","modified_gmt":"2026-08-29T12:27:35","slug":"programacao-da-globo-de-29-8-a-04-9","status":"publish","type":"post","link":"https:\/\/www.tvnovelas.com.br\/tvnews\/programacao-da-globo-de-29-8-a-04-9\/","title":{"rendered":"Programa\u00e7\u00e3o\u00a0da Globo, de 29\/8 a 04\/9"},"content":{"rendered":"<figure id=\"attachment_92653\" aria-describedby=\"caption-attachment-92653\" style=\"width: 728px\" class=\"wp-caption alignnone\"><img data-recalc-dims=\"1\" decoding=\"async\" class=\"wp-image-92653 size-full\" title=\"(Foto: Reprodu\u00e7\u00e3o\/TV Globo)\" src=\"https:\/\/i0.wp.com\/www.tvnovelas.com.br\/tvnews\/wp-content\/uploads\/2026\/08\/13708.jpg?resize=728%2C410&#038;ssl=1\" alt=\"Encontro Com Patr\u00edcia Poeta\" width=\"728\" height=\"410\" srcset=\"https:\/\/i0.wp.com\/www.tvnovelas.com.br\/tvnews\/wp-content\/uploads\/2026\/08\/13708.jpg?w=728&amp;ssl=1 728w, https:\/\/i0.wp.com\/www.tvnovelas.com.br\/tvnews\/wp-content\/uploads\/2026\/08\/13708.jpg?resize=250%2C141&amp;ssl=1 250w\" sizes=\"(max-width: 728px) 100vw, 728px\" \/><figcaption id=\"caption-attachment-92653\" class=\"wp-caption-text\"><br \/>Encontro Com Patr\u00edcia Poeta<br \/>Encontro Com Patr\u00edcia Poeta<br \/>Encontro Com Patr\u00edcia Poeta<\/figcaption><\/figure>\n<h2 style=\"color: green;\">Programa\u00e7\u00e3o\u00a0da Globo, de 29\/8 a 04 de setembro<\/h2>\n<p><em style=\"font-size: 80%;\">***Os hor\u00e1rios est\u00e3o no fuso hor\u00e1rio de Bras\u00edlia.<\/em><br \/>\n<strong>S\u00e1bado, 29\/08\/2026<\/strong><br \/>\n04:00 Coruj\u00e3o I &#8211; Romance<br \/>\n05:50 Globo Rural<br \/>\n06:45 Bom Dia S\u00e1bado<br \/>\n07:45 Pequenas Empresas e Grandes Neg\u00f3cios<br \/>\n08:30 \u00c9 de Casa<br \/>\n11:45 Pra\u00e7a TV &#8211; 1\u00aa Edi\u00e7\u00e3o<br \/>\n13:00 Hor\u00e1rio Pol\u00edtico<br \/>\n13:25 Pra\u00e7a TV &#8211; 1\u00aa Edi\u00e7\u00e3o<br \/>\n13:35 Globo Esporte<br \/>\n13:50 Jornal Hoje<br \/>\n14:35 Edi\u00e7\u00e3o Especial &#8211; Al\u00e9m do Tempo<br \/>\n15:00 Caldeir\u00e3o Com Mion<br \/>\n16:20 Brasileir\u00e3o Feminino<br \/>\n18:30 A Nobreza do Amor<br \/>\n19:20 Pra\u00e7a TV &#8211; 2\u00aa Edi\u00e7\u00e3o<br \/>\n19:40 Por Voc\u00ea<br \/>\n20:30 Hor\u00e1rio Pol\u00edtico<br \/>\n20:55 Jornal Nacional<br \/>\n21:20 Entrevista Com Os Candidatos \u00c0 Presid\u00eancia &#8211; Augusto Cury<br \/>\n22:05 Quem Ama Cuida<br \/>\n22:50 Estrelas da Casa<br \/>\n23:15 Faixa Combate &#8211; Spaten Fight Night III<br \/>\n00:15 Supercine &#8211; \u00c1guas Profundas<br \/>\n01:45 Reapresenta\u00e7\u00e3o &#8211; A Nobreza do Amor<br \/>\n02:30 Reapresenta\u00e7\u00e3o &#8211; Por Voc\u00ea<br \/>\n03:15 Coruj\u00e3o I &#8211; L.O.C.A.<\/p>\n<p><strong>Domingo, 30\/08\/2026<\/strong><br \/>\n04:35 Coruj\u00e3o II &#8211; Perlimps<br \/>\n05:50 Santa Missa<br \/>\n06:40 Globo Rep\u00f3rter<br \/>\n07:30 Globo Comunidade<br \/>\n08:00 Auto Esporte<br \/>\n08:30 Globo Rural<br \/>\n10:05 Viver Sertanejo<br \/>\n11:00 Esporte Espetacular<br \/>\n12:30 Temperatura M\u00e1xima &#8211; King&#8217;s Man: A Origem<br \/>\n14:25 Em Fam\u00edlia Com Eliana<br \/>\n15:30 Bora Pro Jogo<br \/>\n15:45 Brasileir\u00e3o &#8211; Flamengo x Botafogo<br \/>\n18:10 Doming\u00e3o Com Huck<br \/>\n20:30 Fant\u00e1stico<br \/>\n23:30 Estrelas da Casa<br \/>\n23:35 Circuito Sertanejo &#8211; Melhores Momentos<br \/>\n00:20 Domingo Maior &#8211; O \u00daltimo Duelo<br \/>\n02:20 Cinema\u00e7o &#8211; Filhos da Esperan\u00e7a<\/p>\n<p><strong>Segunda-feira, 31\/08\/2026<\/strong><br \/>\n04:00 Hora Um<br \/>\n06:00 Bom Dia Pra\u00e7a<br \/>\n08:30 Bom Dia Brasil<br \/>\n09:30 Encontro Com Patr\u00edcia Poeta<br \/>\n10:35 Mais Voc\u00ea<br \/>\n11:45 Pra\u00e7a TV &#8211; 1\u00aa Edi\u00e7\u00e3o<br \/>\n13:00 Hor\u00e1rio Pol\u00edtico<br \/>\n13:25 Pra\u00e7a TV &#8211; 1\u00aa Edi\u00e7\u00e3o<br \/>\n13:35 Globo Esporte<br \/>\n13:50 Jornal Hoje<br \/>\n15:00 Edi\u00e7\u00e3o Especial &#8211; Al\u00e9m do Tempo<br \/>\n15:40 Sess\u00e3o da Tarde &#8211; Tire 5 Cartas<br \/>\n17:10 Vale a Pena Ver de Novo &#8211; Avenida Brasil<br \/>\n18:20 A Nobreza do Amor<br \/>\n19:05 Pra\u00e7a TV &#8211; 2\u00aa Edi\u00e7\u00e3o<br \/>\n19:35 Por Voc\u00ea<br \/>\n20:30 Hor\u00e1rio Pol\u00edtico<br \/>\n20:55 Jornal Nacional<br \/>\n21:45 Quem Ama Cuida<br \/>\n22:55 Estrelas da Casa<br \/>\n23:30 Tela Quente &#8211; Megatubar\u00e3o 2<br \/>\n01:05 Jornal da Globo<br \/>\n01:45 Reapresenta\u00e7\u00e3o &#8211; A Nobreza do Amor<br \/>\n02:30 Reapresenta\u00e7\u00e3o &#8211; Por Voc\u00ea<br \/>\n03:20 Com\u00e9dia Na Madruga I<\/p>\n<p><strong>Ter\u00e7a-feira, 01\/09\/2026<\/strong><br \/>\n04:00 Hora Um<br \/>\n06:00 Bom Dia Pra\u00e7a<br \/>\n08:30 Bom Dia Brasil<br \/>\n09:30 Encontro Com Patr\u00edcia Poeta<br \/>\n10:35 Mais Voc\u00ea<br \/>\n11:45 Pra\u00e7a TV &#8211; 1\u00aa Edi\u00e7\u00e3o<br \/>\n13:00 Hor\u00e1rio Pol\u00edtico<br \/>\n13:25 Pra\u00e7a TV &#8211; 1\u00aa Edi\u00e7\u00e3o<br \/>\n13:35 Globo Esporte<br \/>\n13:50 Jornal Hoje<br \/>\n15:00 Edi\u00e7\u00e3o Especial &#8211; Al\u00e9m do Tempo<br \/>\n15:40 Sess\u00e3o da Tarde &#8211; M\u00e3os Talentosas: A Hist\u00f3ria De Ben Carson<br \/>\n17:10 Vale a Pena Ver de Novo &#8211; Avenida Brasil<br \/>\n18:20 A Nobreza do Amor<br \/>\n19:05 Pra\u00e7a TV &#8211; 2\u00aa Edi\u00e7\u00e3o<br \/>\n19:35 Por Voc\u00ea<br \/>\n20:30 Hor\u00e1rio Pol\u00edtico<br \/>\n20:55 Jornal Nacional<br \/>\n21:45 Quem Ama Cuida<br \/>\n22:55 Estrelas da Casa<br \/>\n23:40 Conversa com Bial<br \/>\n00:20 Jornal da Globo<br \/>\n01:10 Reapresenta\u00e7\u00e3o &#8211; A Nobreza do Amor<br \/>\n01:55 Reapresenta\u00e7\u00e3o &#8211; Por Voc\u00ea<br \/>\n02:45 Com\u00e9dia Na Madruga I<br \/>\n03:25 Com\u00e9dia Na Madruga II<\/p>\n<p><strong>Quarta-feira, 02\/09\/2026<\/strong><br \/>\n04:00 Hora Um<br \/>\n06:00 Bom Dia Pra\u00e7a<br \/>\n08:30 Bom Dia Brasil<br \/>\n09:30 Encontro Com Patr\u00edcia Poeta<br \/>\n10:35 Mais Voc\u00ea<br \/>\n11:45 Pra\u00e7a TV &#8211; 1\u00aa Edi\u00e7\u00e3o<br \/>\n13:00 Hor\u00e1rio Pol\u00edtico<br \/>\n13:25 Pra\u00e7a TV &#8211; 1\u00aa Edi\u00e7\u00e3o<br \/>\n13:35 Globo Esporte<br \/>\n13:50 Jornal Hoje<br \/>\n15:00 Edi\u00e7\u00e3o Especial &#8211; Al\u00e9m do Tempo<br \/>\n15:40 Sess\u00e3o da Tarde &#8211; Nosso Amigo Extraordin\u00e1rio<br \/>\n17:10 Vale a Pena Ver de Novo &#8211; Avenida Brasil<br \/>\n18:00 A Nobreza do Amor<br \/>\n18:40 Pra\u00e7a TV &#8211; 2\u00aa Edi\u00e7\u00e3o<br \/>\n19:10 Por Voc\u00ea<br \/>\n20:00 Jornal Nacional<br \/>\n20:30 Hor\u00e1rio Pol\u00edtico<br \/>\n20:55 Quem Ama Cuida<br \/>\n21:20 Copa do Brasil &#8211; Vit\u00f3ria x Vasco<br \/>\n23:30 Segue o Jogo<br \/>\n23:50 Estrelas da Casa<br \/>\n23:55 Jornal da Globo<br \/>\n00:45 Reapresenta\u00e7\u00e3o &#8211; A Nobreza do Amor<br \/>\n01:30 Reapresenta\u00e7\u00e3o &#8211; Por Voc\u00ea<br \/>\n02:20 Com\u00e9dia Na Madruga I<br \/>\n03:05 Com\u00e9dia Na Madruga II<\/p>\n<p><strong>Quinta-feira, 03\/09\/2026<\/strong><br \/>\n04:00 Hora Um<br \/>\n06:00 Bom Dia Pra\u00e7a<br \/>\n08:30 Bom Dia Brasil<br \/>\n09:30 Encontro Com Patr\u00edcia Poeta<br \/>\n10:35 Mais Voc\u00ea<br \/>\n11:45 Pra\u00e7a TV &#8211; 1\u00aa Edi\u00e7\u00e3o<br \/>\n13:00 Hor\u00e1rio Pol\u00edtico<br \/>\n13:25 Pra\u00e7a TV &#8211; 1\u00aa Edi\u00e7\u00e3o<br \/>\n13:35 Globo Esporte<br \/>\n13:50 Jornal Hoje<br \/>\n15:00 Edi\u00e7\u00e3o Especial &#8211; Al\u00e9m do Tempo<br \/>\n15:40 Sess\u00e3o da Tarde &#8211; Se Eu Fosse Voc\u00ea 2<br \/>\n17:10 Vale a Pena Ver de Novo &#8211; Avenida Brasil<br \/>\n18:20 A Nobreza do Amor<br \/>\n19:05 Pra\u00e7a TV &#8211; 2\u00aa Edi\u00e7\u00e3o<br \/>\n19:35 Por Voc\u00ea<br \/>\n20:30 Hor\u00e1rio Pol\u00edtico<br \/>\n20:55 Jornal Nacional<br \/>\n21:45 Quem Ama Cuida<br \/>\n22:55 Estrelas da Casa<br \/>\n23:50 Que Hist\u00f3ria \u00e9 Essa Porchat?<br \/>\n00:35 Jornal da Globo<br \/>\n01:25 Reapresenta\u00e7\u00e3o &#8211; A Nobreza do Amor<br \/>\n02:10 Reapresenta\u00e7\u00e3o &#8211; Por Voc\u00ea<br \/>\n03:00 Com\u00e9dia Na Madruga I<\/p>\n<p><strong>Sexta-feira, 04\/09\/2026<\/strong><br \/>\n04:00 Hora Um<br \/>\n06:00 Bom Dia Pra\u00e7a<br \/>\n08:30 Bom Dia Brasil<br \/>\n09:30 Encontro Com Patr\u00edcia Poeta<br \/>\n10:35 Mais Voc\u00ea<br \/>\n11:45 Pra\u00e7a TV &#8211; 1\u00aa Edi\u00e7\u00e3o<br \/>\n13:00 Hor\u00e1rio Pol\u00edtico<br \/>\n13:25 Pra\u00e7a TV &#8211; 1\u00aa Edi\u00e7\u00e3o<br \/>\n13:35 Globo Esporte<br \/>\n13:50 Jornal Hoje<br \/>\n15:00 Edi\u00e7\u00e3o Especial &#8211; Al\u00e9m do Tempo<br \/>\n15:40 Sess\u00e3o da Tarde &#8211; Fazenda dos Cisnes<br \/>\n17:10 Vale a Pena Ver de Novo &#8211; Avenida Brasil<br \/>\n18:20 A Nobreza do Amor<br \/>\n19:05 Pra\u00e7a TV &#8211; 2\u00aa Edi\u00e7\u00e3o<br \/>\n19:35 Por Voc\u00ea<br \/>\n20:30 Hor\u00e1rio Pol\u00edtico<br \/>\n20:55 Jornal Nacional<br \/>\n21:45 Quem Ama Cuida<br \/>\n22:55 Estrelas da Casa<br \/>\n23:35 Globo Rep\u00f3rter<br \/>\n00:25 Rock in Rio 2026<br \/>\n01:25 Grid da Globo<br \/>\n01:35 Jornal da Globo<br \/>\n02:05 Reapresenta\u00e7\u00e3o &#8211; A Nobreza do Amor<br \/>\n02:45 Reapresenta\u00e7\u00e3o &#8211; Por Voc\u00ea<br \/>\n03:35 Com\u00e9dia Na Madruga I<\/p>\n","protected":false},"excerpt":{"rendered":"<p>Programa\u00e7\u00e3o\u00a0da Globo, de 29\/8 a 04 de setembro ***Os hor\u00e1rios est\u00e3o no fuso hor\u00e1rio de Bras\u00edlia. S\u00e1bado, 29\/08\/2026 04:00 Coruj\u00e3o&#8230;<\/p>\n","protected":false},"author":1,"featured_media":92653,"comment_status":"closed","ping_status":"closed","sticky":false,"template":"","format":"standard","meta":{"_uf_show_specific_survey":0,"_uf_disable_surveys":false,"_jetpack_newsletter_access":"","_jetpack_dont_email_post_to_subs":false,"_jetpack_newsletter_tier_id":0,"_jetpack_memberships_contains_paywalled_content":false,"_jetpack_feature_clip_id":0,"_jetpack_memberships_contains_paid_content":false,"footnotes":"","jetpack_post_was_ever_published":false,"_wp_rev_ctl_limit":""},"categories":[353],"tags":[5,1005,1092],"class_list":["post-92652","post","type-post","status-publish","format-standard","has-post-thumbnail","hentry","category-resumos-de-novelas","tag-globo","tag-noticias","tag-programacao","wpcat-353-id"],"aioseo_notices":[],"aioseo_head":"\n\t\t<!-- All in One SEO 5.0.1.1 - aioseo.com -->\n\t<meta name=\"description\" content=\"Programa\u00e7\u00e3o da Globo, de 29\/8 a 04 de setembro ***Os hor\u00e1rios est\u00e3o no fuso hor\u00e1rio de Bras\u00edlia. S\u00e1bado, 29\/08\/2026 04:00 Coruj\u00e3o I - Romance 05:50 Globo Rural 06:45 Bom Dia S\u00e1bado 07:45 Pequenas Empresas e Grandes Neg\u00f3cios 08:30 \u00c9 de Casa 11:45 Pra\u00e7a TV - 1\u00aa Edi\u00e7\u00e3o 13:00 Hor\u00e1rio Pol\u00edtico 13:25 Pra\u00e7a TV - 1\u00aa Edi\u00e7\u00e3o\" \/>\n\t<meta name=\"robots\" content=\"max-image-preview:large\" \/>\n\t<meta name=\"author\" content=\"Paulo Antonio\"\/>\n\t<meta name=\"google-site-verification\" content=\"rkK9U9oF3S28qRc6gTV5lXAuAQX2mzrSuD6qnebspv8\" \/>\n\t<meta name=\"msvalidate.01\" content=\"AD79AA3D776A998E190189FA8E4A5338\" \/>\n\t<link rel=\"canonical\" href=\"https:\/\/www.tvnovelas.com.br\/tvnews\/programacao-da-globo-de-29-8-a-04-9\/\" \/>\n\t<meta name=\"generator\" content=\"All in One SEO (AIOSEO) 5.0.1.1\" \/>\n\t\t<meta property=\"og:locale\" content=\"pt_BR\" \/>\n\t\t<meta property=\"og:site_name\" content=\"TV News\" \/>\n\t\t<meta property=\"og:type\" content=\"article\" \/>\n\t\t<meta property=\"og:title\" content=\"Programa\u00e7\u00e3o da Globo, de 29\/8 a 04\/9 - TV News\" \/>\n\t\t<meta property=\"og:description\" content=\"Programa\u00e7\u00e3o da Globo, de 29\/8 a 04 de setembro ***Os hor\u00e1rios est\u00e3o no fuso hor\u00e1rio de Bras\u00edlia. S\u00e1bado, 29\/08\/2026 04:00 Coruj\u00e3o I - Romance 05:50 Globo Rural 06:45 Bom Dia S\u00e1bado 07:45 Pequenas Empresas e Grandes Neg\u00f3cios 08:30 \u00c9 de Casa 11:45 Pra\u00e7a TV - 1\u00aa Edi\u00e7\u00e3o 13:00 Hor\u00e1rio Pol\u00edtico 13:25 Pra\u00e7a TV - 1\u00aa Edi\u00e7\u00e3o\" \/>\n\t\t<meta property=\"og:url\" content=\"https:\/\/www.tvnovelas.com.br\/tvnews\/programacao-da-globo-de-29-8-a-04-9\/\" \/>\n\t\t<meta property=\"og:image\" content=\"https:\/\/www.tvnovelas.com.br\/tvshow\/wp-content\/uploads\/2018\/07\/tvnovelas_logo.jpg\" \/>\n\t\t<meta property=\"og:image:secure_url\" content=\"https:\/\/www.tvnovelas.com.br\/tvshow\/wp-content\/uploads\/2018\/07\/tvnovelas_logo.jpg\" \/>\n\t\t<meta property=\"article:tag\" content=\"globo\" \/>\n\t\t<meta property=\"article:tag\" content=\"not\u00edcias\" \/>\n\t\t<meta property=\"article:tag\" content=\"programa\u00e7\u00e3o\" \/>\n\t\t<meta property=\"article:published_time\" content=\"2026-08-29T12:27:35+00:00\" \/>\n\t\t<meta property=\"article:modified_time\" content=\"2026-08-29T12:27:35+00:00\" \/>\n\t\t<meta property=\"article:publisher\" content=\"https:\/\/www.facebook.com\/tevenovelas\/\" \/>\n\t\t<meta property=\"article:author\" content=\"https:\/\/facebook.com\/pauloantonyo\" \/>\n\t\t<meta name=\"twitter:card\" content=\"summary_large_image\" \/>\n\t\t<meta name=\"twitter:site\" content=\"@TVNovelas\" \/>\n\t\t<meta name=\"twitter:title\" content=\"Programa\u00e7\u00e3o da Globo, de 29\/8 a 04\/9 - TV News\" \/>\n\t\t<meta name=\"twitter:description\" content=\"Programa\u00e7\u00e3o da Globo, de 29\/8 a 04 de setembro ***Os hor\u00e1rios est\u00e3o no fuso hor\u00e1rio de Bras\u00edlia. S\u00e1bado, 29\/08\/2026 04:00 Coruj\u00e3o I - Romance 05:50 Globo Rural 06:45 Bom Dia S\u00e1bado 07:45 Pequenas Empresas e Grandes Neg\u00f3cios 08:30 \u00c9 de Casa 11:45 Pra\u00e7a TV - 1\u00aa Edi\u00e7\u00e3o 13:00 Hor\u00e1rio Pol\u00edtico 13:25 Pra\u00e7a TV - 1\u00aa Edi\u00e7\u00e3o\" \/>\n\t\t<meta name=\"twitter:creator\" content=\"@TVNovelas\" \/>\n\t\t<meta name=\"twitter:image\" content=\"https:\/\/www.tvnovelas.com.br\/tvshow\/wp-content\/uploads\/2018\/07\/tvnovelas_logo.jpg\" \/>\n\t\t<meta name=\"twitter:label1\" content=\"Escrito por\" \/>\n\t\t<meta name=\"twitter:data1\" content=\"Paulo Antonio\" \/>\n\t\t<meta name=\"twitter:label2\" content=\"Tempo de leitura estimado\" \/>\n\t\t<meta name=\"twitter:data2\" content=\"4 minutos\" \/>\n\t\t<script type=\"application\/ld+json\" class=\"aioseo-schema\">\n\t\t\t{\"@context\":\"https:\\\/\\\/schema.org\",\"@graph\":[{\"@type\":\"Article\",\"@id\":\"https:\\\/\\\/www.tvnovelas.com.br\\\/tvnews\\\/programacao-da-globo-de-29-8-a-04-9\\\/#article\",\"name\":\"Programa\\u00e7\\u00e3o da Globo, de 29\\\/8 a 04\\\/9 - TV News\",\"headline\":\"Programa\\u00e7\\u00e3o\\u00a0da Globo, de 29\\\/8 a 04\\\/9\",\"author\":{\"@id\":\"https:\\\/\\\/www.tvnovelas.com.br\\\/tvnews\\\/author\\\/pauloantonio\\\/#author\"},\"publisher\":{\"@id\":\"https:\\\/\\\/www.tvnovelas.com.br\\\/tvnews\\\/#organization\"},\"image\":{\"@type\":\"ImageObject\",\"url\":\"https:\\\/\\\/i0.wp.com\\\/www.tvnovelas.com.br\\\/tvnews\\\/wp-content\\\/uploads\\\/2026\\\/08\\\/13708.jpg?fit=728%2C410&ssl=1\",\"width\":728,\"height\":410,\"caption\":\"Encontro Com Patr\\u00edcia Poeta\\n\\nEncontro Com Patr\\u00edcia Poeta\\nEncontro Com Patr\\u00edcia Poeta\"},\"datePublished\":\"2026-08-29T09:27:35-03:00\",\"dateModified\":\"2026-08-29T09:27:35-03:00\",\"inLanguage\":\"pt-BR\",\"mainEntityOfPage\":{\"@id\":\"https:\\\/\\\/www.tvnovelas.com.br\\\/tvnews\\\/programacao-da-globo-de-29-8-a-04-9\\\/#webpage\"},\"isPartOf\":{\"@id\":\"https:\\\/\\\/www.tvnovelas.com.br\\\/tvnews\\\/programacao-da-globo-de-29-8-a-04-9\\\/#webpage\"},\"articleSection\":\"Resumos de Novelas, Globo, Not\\u00edcias, Programa\\u00e7\\u00e3o\"},{\"@type\":\"BreadcrumbList\",\"@id\":\"https:\\\/\\\/www.tvnovelas.com.br\\\/tvnews\\\/programacao-da-globo-de-29-8-a-04-9\\\/#breadcrumblist\",\"itemListElement\":[{\"@type\":\"ListItem\",\"@id\":\"https:\\\/\\\/www.tvnovelas.com.br\\\/tvnews#listItem\",\"position\":1,\"name\":\"Home\",\"item\":\"https:\\\/\\\/www.tvnovelas.com.br\\\/tvnews\",\"nextItem\":{\"@type\":\"ListItem\",\"@id\":\"https:\\\/\\\/www.tvnovelas.com.br\\\/tvnews\\\/category\\\/resumos-de-novelas\\\/#listItem\",\"name\":\"Resumos de Novelas\"}},{\"@type\":\"ListItem\",\"@id\":\"https:\\\/\\\/www.tvnovelas.com.br\\\/tvnews\\\/category\\\/resumos-de-novelas\\\/#listItem\",\"position\":2,\"name\":\"Resumos de Novelas\",\"item\":\"https:\\\/\\\/www.tvnovelas.com.br\\\/tvnews\\\/category\\\/resumos-de-novelas\\\/\",\"nextItem\":{\"@type\":\"ListItem\",\"@id\":\"https:\\\/\\\/www.tvnovelas.com.br\\\/tvnews\\\/programacao-da-globo-de-29-8-a-04-9\\\/#listItem\",\"name\":\"Programa\\u00e7\\u00e3o\\u00a0da Globo, de 29\\\/8 a 04\\\/9\"},\"previousItem\":{\"@type\":\"ListItem\",\"@id\":\"https:\\\/\\\/www.tvnovelas.com.br\\\/tvnews#listItem\",\"name\":\"Home\"}},{\"@type\":\"ListItem\",\"@id\":\"https:\\\/\\\/www.tvnovelas.com.br\\\/tvnews\\\/programacao-da-globo-de-29-8-a-04-9\\\/#listItem\",\"position\":3,\"name\":\"Programa\\u00e7\\u00e3o\\u00a0da Globo, de 29\\\/8 a 04\\\/9\",\"previousItem\":{\"@type\":\"ListItem\",\"@id\":\"https:\\\/\\\/www.tvnovelas.com.br\\\/tvnews\\\/category\\\/resumos-de-novelas\\\/#listItem\",\"name\":\"Resumos de Novelas\"}}]},{\"@type\":\"Organization\",\"@id\":\"https:\\\/\\\/www.tvnovelas.com.br\\\/tvnews\\\/#organization\",\"name\":\"TV Novelas\",\"description\":\"Se link nas novelas\",\"url\":\"https:\\\/\\\/www.tvnovelas.com.br\\\/tvnews\\\/\",\"logo\":{\"@type\":\"ImageObject\",\"url\":\"https:\\\/\\\/www.tvnovelas.com.br\\\/novelas\\\/wp-content\\\/uploads\\\/2018\\\/01\\\/tvnovelas_logo.jpg\",\"@id\":\"https:\\\/\\\/www.tvnovelas.com.br\\\/tvnews\\\/programacao-da-globo-de-29-8-a-04-9\\\/#organizationLogo\"},\"image\":{\"@id\":\"https:\\\/\\\/www.tvnovelas.com.br\\\/tvnews\\\/programacao-da-globo-de-29-8-a-04-9\\\/#organizationLogo\"},\"sameAs\":[\"https:\\\/\\\/www.facebook.com\\\/tevenovelas\\\/\",\"https:\\\/\\\/twitter.com\\\/TVNovelas\"]},{\"@type\":\"Person\",\"@id\":\"https:\\\/\\\/www.tvnovelas.com.br\\\/tvnews\\\/author\\\/pauloantonio\\\/#author\",\"url\":\"https:\\\/\\\/www.tvnovelas.com.br\\\/tvnews\\\/author\\\/pauloantonio\\\/\",\"name\":\"Paulo Antonio\",\"sameAs\":[\"https:\\\/\\\/facebook.com\\\/pauloantonyo\",\"https:\\\/\\\/facebook.com\\\/tevenovelas\"]},{\"@type\":\"WebPage\",\"@id\":\"https:\\\/\\\/www.tvnovelas.com.br\\\/tvnews\\\/programacao-da-globo-de-29-8-a-04-9\\\/#webpage\",\"url\":\"https:\\\/\\\/www.tvnovelas.com.br\\\/tvnews\\\/programacao-da-globo-de-29-8-a-04-9\\\/\",\"name\":\"Programa\\u00e7\\u00e3o da Globo, de 29\\\/8 a 04\\\/9 - TV News\",\"description\":\"Programa\\u00e7\\u00e3o da Globo, de 29\\\/8 a 04 de setembro ***Os hor\\u00e1rios est\\u00e3o no fuso hor\\u00e1rio de Bras\\u00edlia. S\\u00e1bado, 29\\\/08\\\/2026 04:00 Coruj\\u00e3o I - Romance 05:50 Globo Rural 06:45 Bom Dia S\\u00e1bado 07:45 Pequenas Empresas e Grandes Neg\\u00f3cios 08:30 \\u00c9 de Casa 11:45 Pra\\u00e7a TV - 1\\u00aa Edi\\u00e7\\u00e3o 13:00 Hor\\u00e1rio Pol\\u00edtico 13:25 Pra\\u00e7a TV - 1\\u00aa Edi\\u00e7\\u00e3o\",\"inLanguage\":\"pt-BR\",\"isPartOf\":{\"@id\":\"https:\\\/\\\/www.tvnovelas.com.br\\\/tvnews\\\/#website\"},\"breadcrumb\":{\"@id\":\"https:\\\/\\\/www.tvnovelas.com.br\\\/tvnews\\\/programacao-da-globo-de-29-8-a-04-9\\\/#breadcrumblist\"},\"author\":{\"@id\":\"https:\\\/\\\/www.tvnovelas.com.br\\\/tvnews\\\/author\\\/pauloantonio\\\/#author\"},\"creator\":{\"@id\":\"https:\\\/\\\/www.tvnovelas.com.br\\\/tvnews\\\/author\\\/pauloantonio\\\/#author\"},\"image\":{\"@type\":\"ImageObject\",\"url\":\"https:\\\/\\\/i0.wp.com\\\/www.tvnovelas.com.br\\\/tvnews\\\/wp-content\\\/uploads\\\/2026\\\/08\\\/13708.jpg?fit=728%2C410&ssl=1\",\"@id\":\"https:\\\/\\\/www.tvnovelas.com.br\\\/tvnews\\\/programacao-da-globo-de-29-8-a-04-9\\\/#mainImage\",\"width\":728,\"height\":410,\"caption\":\"Encontro Com Patr\\u00edcia Poeta\\n\\nEncontro Com Patr\\u00edcia Poeta\\nEncontro Com Patr\\u00edcia Poeta\"},\"primaryImageOfPage\":{\"@id\":\"https:\\\/\\\/www.tvnovelas.com.br\\\/tvnews\\\/programacao-da-globo-de-29-8-a-04-9\\\/#mainImage\"},\"datePublished\":\"2026-08-29T09:27:35-03:00\",\"dateModified\":\"2026-08-29T09:27:35-03:00\"},{\"@type\":\"WebSite\",\"@id\":\"https:\\\/\\\/www.tvnovelas.com.br\\\/tvnews\\\/#website\",\"url\":\"https:\\\/\\\/www.tvnovelas.com.br\\\/tvnews\\\/\",\"name\":\"TV News\",\"description\":\"Se link nas novelas\",\"inLanguage\":\"pt-BR\",\"publisher\":{\"@id\":\"https:\\\/\\\/www.tvnovelas.com.br\\\/tvnews\\\/#organization\"}}]}\n\t\t<\/script>\n\t\t<!-- All in One SEO -->\n\n","aioseo_head_json":{"title":"Programa\u00e7\u00e3o da Globo, de 29\/8 a 04\/9 - TV News","description":"Programa\u00e7\u00e3o da Globo, de 29\/8 a 04 de setembro ***Os hor\u00e1rios est\u00e3o no fuso hor\u00e1rio de Bras\u00edlia. S\u00e1bado, 29\/08\/2026 04:00 Coruj\u00e3o I - Romance 05:50 Globo Rural 06:45 Bom Dia S\u00e1bado 07:45 Pequenas Empresas e Grandes Neg\u00f3cios 08:30 \u00c9 de Casa 11:45 Pra\u00e7a TV - 1\u00aa Edi\u00e7\u00e3o 13:00 Hor\u00e1rio Pol\u00edtico 13:25 Pra\u00e7a TV - 1\u00aa Edi\u00e7\u00e3o","canonical_url":"https:\/\/www.tvnovelas.com.br\/tvnews\/programacao-da-globo-de-29-8-a-04-9\/","robots":"max-image-preview:large","keywords":"","webmasterTools":{"google-site-verification":"rkK9U9oF3S28qRc6gTV5lXAuAQX2mzrSuD6qnebspv8","msvalidate.01":"AD79AA3D776A998E190189FA8E4A5338","miscellaneous":""},"schema":{"@context":"https:\/\/schema.org","@graph":[{"@type":"Article","@id":"https:\/\/www.tvnovelas.com.br\/tvnews\/programacao-da-globo-de-29-8-a-04-9\/#article","name":"Programa\u00e7\u00e3o da Globo, de 29\/8 a 04\/9 - TV News","headline":"Programa\u00e7\u00e3o\u00a0da Globo, de 29\/8 a 04\/9","author":{"@id":"https:\/\/www.tvnovelas.com.br\/tvnews\/author\/pauloantonio\/#author"},"publisher":{"@id":"https:\/\/www.tvnovelas.com.br\/tvnews\/#organization"},"image":{"@type":"ImageObject","url":"https:\/\/i0.wp.com\/www.tvnovelas.com.br\/tvnews\/wp-content\/uploads\/2026\/08\/13708.jpg?fit=728%2C410&ssl=1","width":728,"height":410,"caption":"Encontro Com Patr\u00edcia Poeta\n\nEncontro Com Patr\u00edcia Poeta\nEncontro Com Patr\u00edcia Poeta"},"datePublished":"2026-08-29T09:27:35-03:00","dateModified":"2026-08-29T09:27:35-03:00","inLanguage":"pt-BR","mainEntityOfPage":{"@id":"https:\/\/www.tvnovelas.com.br\/tvnews\/programacao-da-globo-de-29-8-a-04-9\/#webpage"},"isPartOf":{"@id":"https:\/\/www.tvnovelas.com.br\/tvnews\/programacao-da-globo-de-29-8-a-04-9\/#webpage"},"articleSection":"Resumos de Novelas, Globo, Not\u00edcias, Programa\u00e7\u00e3o"},{"@type":"BreadcrumbList","@id":"https:\/\/www.tvnovelas.com.br\/tvnews\/programacao-da-globo-de-29-8-a-04-9\/#breadcrumblist","itemListElement":[{"@type":"ListItem","@id":"https:\/\/www.tvnovelas.com.br\/tvnews#listItem","position":1,"name":"Home","item":"https:\/\/www.tvnovelas.com.br\/tvnews","nextItem":{"@type":"ListItem","@id":"https:\/\/www.tvnovelas.com.br\/tvnews\/category\/resumos-de-novelas\/#listItem","name":"Resumos de Novelas"}},{"@type":"ListItem","@id":"https:\/\/www.tvnovelas.com.br\/tvnews\/category\/resumos-de-novelas\/#listItem","position":2,"name":"Resumos de Novelas","item":"https:\/\/www.tvnovelas.com.br\/tvnews\/category\/resumos-de-novelas\/","nextItem":{"@type":"ListItem","@id":"https:\/\/www.tvnovelas.com.br\/tvnews\/programacao-da-globo-de-29-8-a-04-9\/#listItem","name":"Programa\u00e7\u00e3o\u00a0da Globo, de 29\/8 a 04\/9"},"previousItem":{"@type":"ListItem","@id":"https:\/\/www.tvnovelas.com.br\/tvnews#listItem","name":"Home"}},{"@type":"ListItem","@id":"https:\/\/www.tvnovelas.com.br\/tvnews\/programacao-da-globo-de-29-8-a-04-9\/#listItem","position":3,"name":"Programa\u00e7\u00e3o\u00a0da Globo, de 29\/8 a 04\/9","previousItem":{"@type":"ListItem","@id":"https:\/\/www.tvnovelas.com.br\/tvnews\/category\/resumos-de-novelas\/#listItem","name":"Resumos de Novelas"}}]},{"@type":"Organization","@id":"https:\/\/www.tvnovelas.com.br\/tvnews\/#organization","name":"TV Novelas","description":"Se link nas novelas","url":"https:\/\/www.tvnovelas.com.br\/tvnews\/","logo":{"@type":"ImageObject","url":"https:\/\/www.tvnovelas.com.br\/novelas\/wp-content\/uploads\/2018\/01\/tvnovelas_logo.jpg","@id":"https:\/\/www.tvnovelas.com.br\/tvnews\/programacao-da-globo-de-29-8-a-04-9\/#organizationLogo"},"image":{"@id":"https:\/\/www.tvnovelas.com.br\/tvnews\/programacao-da-globo-de-29-8-a-04-9\/#organizationLogo"},"sameAs":["https:\/\/www.facebook.com\/tevenovelas\/","https:\/\/twitter.com\/TVNovelas"]},{"@type":"Person","@id":"https:\/\/www.tvnovelas.com.br\/tvnews\/author\/pauloantonio\/#author","url":"https:\/\/www.tvnovelas.com.br\/tvnews\/author\/pauloantonio\/","name":"Paulo Antonio","sameAs":["https:\/\/facebook.com\/pauloantonyo","https:\/\/facebook.com\/tevenovelas"]},{"@type":"WebPage","@id":"https:\/\/www.tvnovelas.com.br\/tvnews\/programacao-da-globo-de-29-8-a-04-9\/#webpage","url":"https:\/\/www.tvnovelas.com.br\/tvnews\/programacao-da-globo-de-29-8-a-04-9\/","name":"Programa\u00e7\u00e3o da Globo, de 29\/8 a 04\/9 - TV News","description":"Programa\u00e7\u00e3o da Globo, de 29\/8 a 04 de setembro ***Os hor\u00e1rios est\u00e3o no fuso hor\u00e1rio de Bras\u00edlia. S\u00e1bado, 29\/08\/2026 04:00 Coruj\u00e3o I - Romance 05:50 Globo Rural 06:45 Bom Dia S\u00e1bado 07:45 Pequenas Empresas e Grandes Neg\u00f3cios 08:30 \u00c9 de Casa 11:45 Pra\u00e7a TV - 1\u00aa Edi\u00e7\u00e3o 13:00 Hor\u00e1rio Pol\u00edtico 13:25 Pra\u00e7a TV - 1\u00aa Edi\u00e7\u00e3o","inLanguage":"pt-BR","isPartOf":{"@id":"https:\/\/www.tvnovelas.com.br\/tvnews\/#website"},"breadcrumb":{"@id":"https:\/\/www.tvnovelas.com.br\/tvnews\/programacao-da-globo-de-29-8-a-04-9\/#breadcrumblist"},"author":{"@id":"https:\/\/www.tvnovelas.com.br\/tvnews\/author\/pauloantonio\/#author"},"creator":{"@id":"https:\/\/www.tvnovelas.com.br\/tvnews\/author\/pauloantonio\/#author"},"image":{"@type":"ImageObject","url":"https:\/\/i0.wp.com\/www.tvnovelas.com.br\/tvnews\/wp-content\/uploads\/2026\/08\/13708.jpg?fit=728%2C410&ssl=1","@id":"https:\/\/www.tvnovelas.com.br\/tvnews\/programacao-da-globo-de-29-8-a-04-9\/#mainImage","width":728,"height":410,"caption":"Encontro Com Patr\u00edcia Poeta\n\nEncontro Com Patr\u00edcia Poeta\nEncontro Com Patr\u00edcia Poeta"},"primaryImageOfPage":{"@id":"https:\/\/www.tvnovelas.com.br\/tvnews\/programacao-da-globo-de-29-8-a-04-9\/#mainImage"},"datePublished":"2026-08-29T09:27:35-03:00","dateModified":"2026-08-29T09:27:35-03:00"},{"@type":"WebSite","@id":"https:\/\/www.tvnovelas.com.br\/tvnews\/#website","url":"https:\/\/www.tvnovelas.com.br\/tvnews\/","name":"TV News","description":"Se link nas novelas","inLanguage":"pt-BR","publisher":{"@id":"https:\/\/www.tvnovelas.com.br\/tvnews\/#organization"}}]},"og:locale":"pt_BR","og:site_name":"TV News","og:type":"article","og:title":"Programa\u00e7\u00e3o da Globo, de 29\/8 a 04\/9 - TV News","og:description":"Programa\u00e7\u00e3o da Globo, de 29\/8 a 04 de setembro ***Os hor\u00e1rios est\u00e3o no fuso hor\u00e1rio de Bras\u00edlia. S\u00e1bado, 29\/08\/2026 04:00 Coruj\u00e3o I - Romance 05:50 Globo Rural 06:45 Bom Dia S\u00e1bado 07:45 Pequenas Empresas e Grandes Neg\u00f3cios 08:30 \u00c9 de Casa 11:45 Pra\u00e7a TV - 1\u00aa Edi\u00e7\u00e3o 13:00 Hor\u00e1rio Pol\u00edtico 13:25 Pra\u00e7a TV - 1\u00aa Edi\u00e7\u00e3o","og:url":"https:\/\/www.tvnovelas.com.br\/tvnews\/programacao-da-globo-de-29-8-a-04-9\/","og:image":"https:\/\/www.tvnovelas.com.br\/tvshow\/wp-content\/uploads\/2018\/07\/tvnovelas_logo.jpg","og:image:secure_url":"https:\/\/www.tvnovelas.com.br\/tvshow\/wp-content\/uploads\/2018\/07\/tvnovelas_logo.jpg","article:tag":["globo","not\u00edcias","programa\u00e7\u00e3o"],"article:published_time":"2026-08-29T12:27:35+00:00","article:modified_time":"2026-08-29T12:27:35+00:00","article:publisher":"https:\/\/www.facebook.com\/tevenovelas\/","article:author":"https:\/\/facebook.com\/pauloantonyo","twitter:card":"summary_large_image","twitter:site":"@TVNovelas","twitter:title":"Programa\u00e7\u00e3o da Globo, de 29\/8 a 04\/9 - TV News","twitter:description":"Programa\u00e7\u00e3o da Globo, de 29\/8 a 04 de setembro ***Os hor\u00e1rios est\u00e3o no fuso hor\u00e1rio de Bras\u00edlia. S\u00e1bado, 29\/08\/2026 04:00 Coruj\u00e3o I - Romance 05:50 Globo Rural 06:45 Bom Dia S\u00e1bado 07:45 Pequenas Empresas e Grandes Neg\u00f3cios 08:30 \u00c9 de Casa 11:45 Pra\u00e7a TV - 1\u00aa Edi\u00e7\u00e3o 13:00 Hor\u00e1rio Pol\u00edtico 13:25 Pra\u00e7a TV - 1\u00aa Edi\u00e7\u00e3o","twitter:creator":"@TVNovelas","twitter:image":"https:\/\/www.tvnovelas.com.br\/tvshow\/wp-content\/uploads\/2018\/07\/tvnovelas_logo.jpg","twitter:label1":"Escrito por","twitter:data1":"Paulo Antonio","twitter:label2":"Tempo de leitura estimado","twitter:data2":"4 minutos"},"aioseo_meta_data":{"post_id":"92652","title":null,"description":null,"keywords":null,"keyphrases":{"focus":{"keyphrase":"Programa\u00e7\u00e3o da Globo","score":0,"analysis":[]},"additional":[]},"primary_term":null,"canonical_url":null,"og_title":null,"og_description":null,"og_object_type":"default","og_image_type":"default","og_image_url":null,"og_image_width":null,"og_image_height":null,"og_image_custom_url":null,"og_image_custom_fields":null,"og_video":"","og_custom_url":null,"og_article_section":null,"og_article_tags":null,"twitter_use_og":false,"twitter_card":"default","twitter_image_type":"default","twitter_image_url":null,"twitter_image_custom_url":null,"twitter_image_custom_fields":null,"twitter_title":null,"twitter_description":null,"schema":{"blockGraphs":[],"customGraphs":[],"default":{"data":{"Article":[],"Course":[],"Dataset":[],"FAQPage":[],"Movie":[],"Person":[],"Product":[],"ProductReview":[],"Car":[],"Recipe":[],"Service":[],"SoftwareApplication":[],"WebPage":[]},"graphName":"Article","isEnabled":true},"graphs":[]},"schema_type":"default","schema_type_options":null,"pillar_content":false,"robots_default":true,"robots_noindex":false,"robots_noarchive":false,"robots_nosnippet":false,"robots_nofollow":false,"robots_noimageindex":false,"robots_noodp":false,"robots_notranslate":false,"robots_max_snippet":"-1","robots_max_videopreview":"-1","robots_max_imagepreview":"large","priority":null,"frequency":"default","local_seo":null,"breadcrumb_settings":null,"limit_modified_date":false,"ai":{"faqs":[],"keyPoints":[],"schemas":[],"titles":[],"descriptions":[],"socialPosts":{"email":{"subject":"","preview":"","content":""},"linkedin":[],"twitter":[],"facebook":[],"instagram":[]}},"created":"2026-08-29 12:27:10","updated":"2026-08-29 12:59:25","seo_analyzer_scan_date":null,"focus_keyword":"Programa\u00e7\u00e3o da Globo","additional_keywords":null,"truseo_locale":null},"aioseo_breadcrumb":"<div class=\"aioseo-breadcrumbs\"><span class=\"aioseo-breadcrumb\">\n\t\t\t<a href=\"https:\/\/www.tvnovelas.com.br\/tvnews\" title=\"Home\">Home<\/a>\n\t\t<\/span><span class=\"aioseo-breadcrumb-separator\">&raquo;<\/span><span class=\"aioseo-breadcrumb\">\n\t\t\t<a href=\"https:\/\/www.tvnovelas.com.br\/tvnews\/category\/resumos-de-novelas\/\" title=\"Resumos de Novelas\">Resumos de Novelas<\/a>\n\t\t<\/span><span class=\"aioseo-breadcrumb-separator\">&raquo;<\/span><span class=\"aioseo-breadcrumb\">\n\t\t\tPrograma\u00e7\u00e3o da Globo, de 29\/8 a 04\/9\n\t\t<\/span><\/div>","aioseo_breadcrumb_json":[{"label":"Home","link":"https:\/\/www.tvnovelas.com.br\/tvnews"},{"label":"Resumos de Novelas","link":"https:\/\/www.tvnovelas.com.br\/tvnews\/category\/resumos-de-novelas\/"},{"label":"Programa\u00e7\u00e3o\u00a0da Globo, de 29\/8 a 04\/9","link":"https:\/\/www.tvnovelas.com.br\/tvnews\/programacao-da-globo-de-29-8-a-04-9\/"}],"jetpack_shortlink":"https:\/\/wp.me\/pdP2BO-o6o","jetpack_sharing_enabled":true,"jetpack_featured_media_url":"https:\/\/i0.wp.com\/www.tvnovelas.com.br\/tvnews\/wp-content\/uploads\/2026\/08\/13708.jpg?fit=728%2C410&ssl=1","_links":{"self":[{"href":"https:\/\/www.tvnovelas.com.br\/tvnews\/wp-json\/wp\/v2\/posts\/92652","targetHints":{"allow":["GET"]}}],"collection":[{"href":"https:\/\/www.tvnovelas.com.br\/tvnews\/wp-json\/wp\/v2\/posts"}],"about":[{"href":"https:\/\/www.tvnovelas.com.br\/tvnews\/wp-json\/wp\/v2\/types\/post"}],"author":[{"embeddable":true,"href":"https:\/\/www.tvnovelas.com.br\/tvnews\/wp-json\/wp\/v2\/users\/1"}],"replies":[{"embeddable":true,"href":"https:\/\/www.tvnovelas.com.br\/tvnews\/wp-json\/wp\/v2\/comments?post=92652"}],"version-history":[{"count":1,"href":"https:\/\/www.tvnovelas.com.br\/tvnews\/wp-json\/wp\/v2\/posts\/92652\/revisions"}],"predecessor-version":[{"id":92654,"href":"https:\/\/www.tvnovelas.com.br\/tvnews\/wp-json\/wp\/v2\/posts\/92652\/revisions\/92654"}],"wp:featuredmedia":[{"embeddable":true,"href":"https:\/\/www.tvnovelas.com.br\/tvnews\/wp-json\/wp\/v2\/media\/92653"}],"wp:attachment":[{"href":"https:\/\/www.tvnovelas.com.br\/tvnews\/wp-json\/wp\/v2\/media?parent=92652"}],"wp:term":[{"taxonomy":"category","embeddable":true,"href":"https:\/\/www.tvnovelas.com.br\/tvnews\/wp-json\/wp\/v2\/categories?post=92652"},{"taxonomy":"post_tag","embeddable":true,"href":"https:\/\/www.tvnovelas.com.br\/tvnews\/wp-json\/wp\/v2\/tags?post=92652"}],"curies":[{"name":"wp","href":"https:\/\/api.w.org\/{rel}","templated":true}]}}