{"id":92708,"date":"2026-09-01T17:11:34","date_gmt":"2026-09-01T20:11:34","guid":{"rendered":"https:\/\/www.tvnovelas.com.br\/tvnews\/?p=92708"},"modified":"2026-09-01T17:11:34","modified_gmt":"2026-09-01T20:11:34","slug":"amor-valente-afonso-beija-camila-a-forca-e-leva-tapa","status":"publish","type":"post","link":"https:\/\/www.tvnovelas.com.br\/tvnews\/amor-valente-afonso-beija-camila-a-forca-e-leva-tapa\/","title":{"rendered":"Amor Valente:  Afonso beija Camila \u00e0 for\u00e7a e leva tapa"},"content":{"rendered":"<figure id=\"attachment_92709\" aria-describedby=\"caption-attachment-92709\" style=\"width: 728px\" class=\"wp-caption alignnone\"><img data-recalc-dims=\"1\" decoding=\"async\" class=\"wp-image-92709 size-full\" title=\"(Foto: Televisa\/SBT\/Amor Valente)\" src=\"https:\/\/i0.wp.com\/www.tvnovelas.com.br\/tvnews\/wp-content\/uploads\/2026\/09\/13723.jpg?resize=728%2C410&#038;ssl=1\" alt=\"Foto em Amor Valente: Afonso beija Camila \u00e0 for\u00e7a e leva tapa\" width=\"728\" height=\"410\" srcset=\"https:\/\/i0.wp.com\/www.tvnovelas.com.br\/tvnews\/wp-content\/uploads\/2026\/09\/13723.jpg?w=728&amp;ssl=1 728w, https:\/\/i0.wp.com\/www.tvnovelas.com.br\/tvnews\/wp-content\/uploads\/2026\/09\/13723.jpg?resize=250%2C141&amp;ssl=1 250w\" sizes=\"(max-width: 728px) 100vw, 728px\" \/><figcaption id=\"caption-attachment-92709\" class=\"wp-caption-text\">Amor Valente: Afonso beija Camila \u00e0 for\u00e7a e leva tapa<\/figcaption><\/figure>\n<p>Em Amor Valente nesta ter\u00e7a, dia 1\u00ba, Isadora diz a Afonso que entrou em contato com um especialista no M\u00e9xico para tratar seu problema. Furioso, Afonso diz que esse problema \u00e9 dele. Isadora responde que isso afeta todos eles. Afonso diz que se arrepende de ter se aliado a eles, pois est\u00e1 pagando um pre\u00e7o muito alto. Amea\u00e7adora, Isadora responde que seria um pre\u00e7o ainda mais alto se ele acabasse na pris\u00e3o.<\/p>\n<p>Augusta atropela Andr\u00e9 com o carro. Felizmente, n\u00e3o \u00e9 nada grave. Furioso, Afonso reclama com Camila por ela ter contratado o amigo de Natalia quando ele havia ordenado que n\u00e3o o fizesse. Diz que a verdadeira Camila est\u00e1 come\u00e7ando a aparecer, mas que ela n\u00e3o deve esquecer que ele \u00e9 seu marido. Camila responde que nem ele nem ela s\u00e3o os donos e que, se Daniel n\u00e3o aparecer, ela ser\u00e1 a dona e ter\u00e1 o direito de tomar decis\u00f5es. Afonso beija Camila \u00e0 for\u00e7a. Camila lhe d\u00e1 um tapa e o adverte que ele jamais volte a for\u00e7\u00e1-la a fazer qualquer coisa.<br \/>\n<!--FIM DOS RESUMOS--><br \/>\n<a href=\"https:\/\/tvnovelas.com.br\/novelas\/resumos-de-amor-valente\/\" target=\"_blank\" rel=\"noopener\">Amor Valente; resumos dos cap\u00edtulos da semana<\/a><br \/>\n<div class=\"pt-cv-wrapper\"><h2 class=\"pt-cv-heading-container heading2\" data-blockid=\"6e3a6ebhck\"><span class=\"pt-cv-heading\"> \u00daltimas da novela <\/span><\/h2><div class=\"pt-cv-view pt-cv-grid pt-cv-colsys\" id=\"pt-cv-view-6e3a6ebhck\"><div data-id=\"pt-cv-page-1\" class=\"pt-cv-page\" data-cvc=\"1\"><div class=\"col-md-12 col-sm-12 col-xs-12 pt-cv-content-item pt-cv-1-col\" ><div class='pt-cv-ifield'><h4 class=\"pt-cv-title\"><a href=\"https:\/\/www.tvnovelas.com.br\/tvnews\/amor-valente-natalia-diz-a-andre-que-camila-nao-e-a-dona-da-fazenda\/\" class=\"_blank\" target=\"_blank\" >Amor Valente: Natalia diz a Andr\u00e9 que Camila n\u00e3o \u00e9 a dona da fazenda<\/a><\/h4><\/div><\/div>\n<div class=\"col-md-12 col-sm-12 col-xs-12 pt-cv-content-item pt-cv-1-col\" ><div class='pt-cv-ifield'><h4 class=\"pt-cv-title\"><a href=\"https:\/\/www.tvnovelas.com.br\/tvnews\/amor-valente-afonso-beija-camila-a-forca-e-leva-tapa\/\" class=\"_blank\" target=\"_blank\" >Amor Valente:  Afonso beija Camila \u00e0 for\u00e7a e leva tapa<\/a><\/h4><\/div><\/div>\n<div class=\"col-md-12 col-sm-12 col-xs-12 pt-cv-content-item pt-cv-1-col\" ><div class='pt-cv-ifield'><h4 class=\"pt-cv-title\"><a href=\"https:\/\/www.tvnovelas.com.br\/tvnews\/amor-valente-daniel-e-resgatado-do-mar-por-um-pescador\/\" class=\"_blank\" target=\"_blank\" >Amor Valente:  Daniel \u00e9 resgatado do mar por um pescador<\/a><\/h4><\/div><\/div>\n<div class=\"col-md-12 col-sm-12 col-xs-12 pt-cv-content-item pt-cv-1-col\" ><div class='pt-cv-ifield'><h4 class=\"pt-cv-title\"><a href=\"https:\/\/www.tvnovelas.com.br\/tvnews\/amor-valente-camila-afirma-que-seu-casamento-e-uma-farsa\/\" class=\"_blank\" target=\"_blank\" >Amor Valente: Camila afirma que seu casamento \u00e9 uma farsa<\/a><\/h4><\/div><\/div>\n<div class=\"col-md-12 col-sm-12 col-xs-12 pt-cv-content-item pt-cv-1-col\" ><div class='pt-cv-ifield'><h4 class=\"pt-cv-title\"><a href=\"https:\/\/www.tvnovelas.com.br\/tvnews\/amor-valente-camila-conhece-viviana-e-se-tornam-amigas\/\" class=\"_blank\" target=\"_blank\" >Amor Valente: Camila conhece Viviana, e se tornam amigas<\/a><\/h4><\/div><\/div><\/div><\/div><\/div><\/p>\n<h2>Sobre a novela:<\/h2>\n<p><a href=\"https:\/\/wp.me\/pfspD2-XT\" target=\"_blank\" rel=\"noopener\">Amor Valente: O cora\u00e7\u00e3o quem dita o caminho (sinopse)<\/a><br \/>\n<a href=\"https:\/\/pt.wikipedia.org\/wiki\/Amor_brav\u00edo\" target=\"_blank\" rel=\"noopener\">Amor Valente na Wikipedia<\/a><\/p>\n<div style=\"font-size: 120%;\"><h3>Confira tamb\u00e9m<\/h3>\r\n<a href=\"https:\/\/tvnovelas.com.br\/novelas\/\" rel=\"noopener\" target=\"_blank\"><strong>Todos os resumos de novelas<\/strong><\/a><\/br>\r\n<a href=\"https:\/\/www.tvnovelas.com.br\/tvnews\/\" rel=\"noopener\" target=\"_blank\"><strong>\u00daltimas not\u00edcias das novelas<\/strong><\/a><\/br>\r\n<a href=\"https:\/\/www.tvnovelas.com.br\/filmes\/\" target=\"_blank\" rel=\"noopener noreferrer\"><strong>Programa\u00e7\u00e3o de filmes na TV aberta<\/strong><\/a><\/br>\r\n<a href=\"https:\/\/caetenews.com.br\/semana\/filmes-da-globo-na-sessao-da-tarde-desta-semana\/\" target=\"_blank\" rel=\"noopener\"><strong>Confira os filmes da semana na Sess\u00e3o da Tarde<\/strong><\/a><\/br>\r\n<a href=\"https:\/\/classindportal.mj.gov.br\/consulta-filmes\" target=\"_blank\" rel=\"noopener\"><strong>Consulte a classifica\u00e7\u00e3o indicativa dos filmes e novelas<\/strong><\/a><\/br><\/div>\n","protected":false},"excerpt":{"rendered":"<p>Em Amor Valente nesta ter\u00e7a, dia 1\u00ba, Isadora diz a Afonso que entrou em contato com um especialista no M\u00e9xico&#8230;<\/p>\n","protected":false},"author":1,"featured_media":92709,"comment_status":"closed","ping_status":"closed","sticky":false,"template":"","format":"standard","meta":{"_uf_show_specific_survey":0,"_uf_disable_surveys":false,"_jetpack_newsletter_access":"","_jetpack_dont_email_post_to_subs":false,"_jetpack_newsletter_tier_id":0,"_jetpack_memberships_contains_paywalled_content":false,"_jetpack_feature_clip_id":0,"_jetpack_memberships_contains_paid_content":false,"footnotes":"","jetpack_post_was_ever_published":false,"_wp_rev_ctl_limit":""},"categories":[1087],"tags":[1088,64,13],"class_list":["post-92708","post","type-post","status-publish","format-standard","has-post-thumbnail","hentry","category-amor-valente","tag-amor-valente","tag-novelas","tag-sbt","wpcat-1087-id"],"aioseo_notices":[],"aioseo_head":"\n\t\t<!-- All in One SEO 5.0.1.1 - aioseo.com -->\n\t<meta name=\"description\" content=\"Em Amor Valente nesta ter\u00e7a, dia 1\u00ba, Isadora diz a Afonso que entrou em contato com um especialista no M\u00e9xico para tratar seu problema. Furioso, Afonso diz que esse problema \u00e9 dele. Isadora responde que isso afeta todos eles. Afonso diz que se arrepende de ter se aliado a eles, pois est\u00e1 pagando um pre\u00e7o\" \/>\n\t<meta name=\"robots\" content=\"max-image-preview:large\" \/>\n\t<meta name=\"author\" content=\"Paulo Antonio\"\/>\n\t<meta name=\"google-site-verification\" content=\"rkK9U9oF3S28qRc6gTV5lXAuAQX2mzrSuD6qnebspv8\" \/>\n\t<meta name=\"msvalidate.01\" content=\"AD79AA3D776A998E190189FA8E4A5338\" \/>\n\t<link rel=\"canonical\" href=\"https:\/\/www.tvnovelas.com.br\/tvnews\/amor-valente-afonso-beija-camila-a-forca-e-leva-tapa\/\" \/>\n\t<meta name=\"generator\" content=\"All in One SEO (AIOSEO) 5.0.1.1\" \/>\n\t\t<meta property=\"og:locale\" content=\"pt_BR\" \/>\n\t\t<meta property=\"og:site_name\" content=\"TV News\" \/>\n\t\t<meta property=\"og:type\" content=\"article\" \/>\n\t\t<meta property=\"og:title\" content=\"Amor Valente: Afonso beija Camila \u00e0 for\u00e7a e leva tapa - TV News\" \/>\n\t\t<meta property=\"og:description\" content=\"Em Amor Valente nesta ter\u00e7a, dia 1\u00ba, Isadora diz a Afonso que entrou em contato com um especialista no M\u00e9xico para tratar seu problema. Furioso, Afonso diz que esse problema \u00e9 dele. Isadora responde que isso afeta todos eles. Afonso diz que se arrepende de ter se aliado a eles, pois est\u00e1 pagando um pre\u00e7o\" \/>\n\t\t<meta property=\"og:url\" content=\"https:\/\/www.tvnovelas.com.br\/tvnews\/amor-valente-afonso-beija-camila-a-forca-e-leva-tapa\/\" \/>\n\t\t<meta property=\"og:image\" content=\"https:\/\/www.tvnovelas.com.br\/tvshow\/wp-content\/uploads\/2018\/07\/tvnovelas_logo.jpg\" \/>\n\t\t<meta property=\"og:image:secure_url\" content=\"https:\/\/www.tvnovelas.com.br\/tvshow\/wp-content\/uploads\/2018\/07\/tvnovelas_logo.jpg\" \/>\n\t\t<meta property=\"article:tag\" content=\"amor valente\" \/>\n\t\t<meta property=\"article:tag\" content=\"novelas\" \/>\n\t\t<meta property=\"article:tag\" content=\"sbt\" \/>\n\t\t<meta property=\"article:published_time\" content=\"2026-09-01T20:11:34+00:00\" \/>\n\t\t<meta property=\"article:modified_time\" content=\"2026-09-01T20:11:34+00:00\" \/>\n\t\t<meta property=\"article:publisher\" content=\"https:\/\/www.facebook.com\/tevenovelas\/\" \/>\n\t\t<meta property=\"article:author\" content=\"https:\/\/facebook.com\/pauloantonyo\" \/>\n\t\t<meta name=\"twitter:card\" content=\"summary_large_image\" \/>\n\t\t<meta name=\"twitter:site\" content=\"@TVNovelas\" \/>\n\t\t<meta name=\"twitter:title\" content=\"Amor Valente: Afonso beija Camila \u00e0 for\u00e7a e leva tapa - TV News\" \/>\n\t\t<meta name=\"twitter:description\" content=\"Em Amor Valente nesta ter\u00e7a, dia 1\u00ba, Isadora diz a Afonso que entrou em contato com um especialista no M\u00e9xico para tratar seu problema. Furioso, Afonso diz que esse problema \u00e9 dele. Isadora responde que isso afeta todos eles. Afonso diz que se arrepende de ter se aliado a eles, pois est\u00e1 pagando um pre\u00e7o\" \/>\n\t\t<meta name=\"twitter:creator\" content=\"@TVNovelas\" \/>\n\t\t<meta name=\"twitter:image\" content=\"https:\/\/www.tvnovelas.com.br\/tvshow\/wp-content\/uploads\/2018\/07\/tvnovelas_logo.jpg\" \/>\n\t\t<meta name=\"twitter:label1\" content=\"Escrito por\" \/>\n\t\t<meta name=\"twitter:data1\" content=\"Paulo Antonio\" \/>\n\t\t<meta name=\"twitter:label2\" content=\"Tempo de leitura estimado\" \/>\n\t\t<meta name=\"twitter:data2\" content=\"1 minuto\" \/>\n\t\t<script type=\"application\/ld+json\" class=\"aioseo-schema\">\n\t\t\t{\"@context\":\"https:\\\/\\\/schema.org\",\"@graph\":[{\"@type\":\"Article\",\"@id\":\"https:\\\/\\\/www.tvnovelas.com.br\\\/tvnews\\\/amor-valente-afonso-beija-camila-a-forca-e-leva-tapa\\\/#article\",\"name\":\"Amor Valente: Afonso beija Camila \\u00e0 for\\u00e7a e leva tapa - TV News\",\"headline\":\"Amor Valente:  Afonso beija Camila \\u00e0 for\\u00e7a e leva tapa\",\"author\":{\"@id\":\"https:\\\/\\\/www.tvnovelas.com.br\\\/tvnews\\\/author\\\/pauloantonio\\\/#author\"},\"publisher\":{\"@id\":\"https:\\\/\\\/www.tvnovelas.com.br\\\/tvnews\\\/#organization\"},\"image\":{\"@type\":\"ImageObject\",\"url\":\"https:\\\/\\\/i0.wp.com\\\/www.tvnovelas.com.br\\\/tvnews\\\/wp-content\\\/uploads\\\/2026\\\/09\\\/13723.jpg?fit=728%2C410&ssl=1\",\"width\":728,\"height\":410,\"caption\":\"Amor Valente:  Afonso beija Camila \\u00e0 for\\u00e7a e leva tapa\"},\"datePublished\":\"2026-09-01T17:11:34-03:00\",\"dateModified\":\"2026-09-01T17:11:34-03:00\",\"inLanguage\":\"pt-BR\",\"mainEntityOfPage\":{\"@id\":\"https:\\\/\\\/www.tvnovelas.com.br\\\/tvnews\\\/amor-valente-afonso-beija-camila-a-forca-e-leva-tapa\\\/#webpage\"},\"isPartOf\":{\"@id\":\"https:\\\/\\\/www.tvnovelas.com.br\\\/tvnews\\\/amor-valente-afonso-beija-camila-a-forca-e-leva-tapa\\\/#webpage\"},\"articleSection\":\"Amor Valente, Amor Valente, Novelas, SBT\"},{\"@type\":\"BreadcrumbList\",\"@id\":\"https:\\\/\\\/www.tvnovelas.com.br\\\/tvnews\\\/amor-valente-afonso-beija-camila-a-forca-e-leva-tapa\\\/#breadcrumblist\",\"itemListElement\":[{\"@type\":\"ListItem\",\"@id\":\"https:\\\/\\\/www.tvnovelas.com.br\\\/tvnews#listItem\",\"position\":1,\"name\":\"Home\",\"item\":\"https:\\\/\\\/www.tvnovelas.com.br\\\/tvnews\",\"nextItem\":{\"@type\":\"ListItem\",\"@id\":\"https:\\\/\\\/www.tvnovelas.com.br\\\/tvnews\\\/category\\\/amor-valente\\\/#listItem\",\"name\":\"Amor Valente\"}},{\"@type\":\"ListItem\",\"@id\":\"https:\\\/\\\/www.tvnovelas.com.br\\\/tvnews\\\/category\\\/amor-valente\\\/#listItem\",\"position\":2,\"name\":\"Amor Valente\",\"item\":\"https:\\\/\\\/www.tvnovelas.com.br\\\/tvnews\\\/category\\\/amor-valente\\\/\",\"nextItem\":{\"@type\":\"ListItem\",\"@id\":\"https:\\\/\\\/www.tvnovelas.com.br\\\/tvnews\\\/amor-valente-afonso-beija-camila-a-forca-e-leva-tapa\\\/#listItem\",\"name\":\"Amor Valente:  Afonso beija Camila \\u00e0 for\\u00e7a e leva tapa\"},\"previousItem\":{\"@type\":\"ListItem\",\"@id\":\"https:\\\/\\\/www.tvnovelas.com.br\\\/tvnews#listItem\",\"name\":\"Home\"}},{\"@type\":\"ListItem\",\"@id\":\"https:\\\/\\\/www.tvnovelas.com.br\\\/tvnews\\\/amor-valente-afonso-beija-camila-a-forca-e-leva-tapa\\\/#listItem\",\"position\":3,\"name\":\"Amor Valente:  Afonso beija Camila \\u00e0 for\\u00e7a e leva tapa\",\"previousItem\":{\"@type\":\"ListItem\",\"@id\":\"https:\\\/\\\/www.tvnovelas.com.br\\\/tvnews\\\/category\\\/amor-valente\\\/#listItem\",\"name\":\"Amor Valente\"}}]},{\"@type\":\"Organization\",\"@id\":\"https:\\\/\\\/www.tvnovelas.com.br\\\/tvnews\\\/#organization\",\"name\":\"TV Novelas\",\"description\":\"Se link nas novelas\",\"url\":\"https:\\\/\\\/www.tvnovelas.com.br\\\/tvnews\\\/\",\"logo\":{\"@type\":\"ImageObject\",\"url\":\"https:\\\/\\\/www.tvnovelas.com.br\\\/novelas\\\/wp-content\\\/uploads\\\/2018\\\/01\\\/tvnovelas_logo.jpg\",\"@id\":\"https:\\\/\\\/www.tvnovelas.com.br\\\/tvnews\\\/amor-valente-afonso-beija-camila-a-forca-e-leva-tapa\\\/#organizationLogo\"},\"image\":{\"@id\":\"https:\\\/\\\/www.tvnovelas.com.br\\\/tvnews\\\/amor-valente-afonso-beija-camila-a-forca-e-leva-tapa\\\/#organizationLogo\"},\"sameAs\":[\"https:\\\/\\\/www.facebook.com\\\/tevenovelas\\\/\",\"https:\\\/\\\/twitter.com\\\/TVNovelas\"]},{\"@type\":\"Person\",\"@id\":\"https:\\\/\\\/www.tvnovelas.com.br\\\/tvnews\\\/author\\\/pauloantonio\\\/#author\",\"url\":\"https:\\\/\\\/www.tvnovelas.com.br\\\/tvnews\\\/author\\\/pauloantonio\\\/\",\"name\":\"Paulo Antonio\",\"sameAs\":[\"https:\\\/\\\/facebook.com\\\/pauloantonyo\",\"https:\\\/\\\/facebook.com\\\/tevenovelas\"]},{\"@type\":\"WebPage\",\"@id\":\"https:\\\/\\\/www.tvnovelas.com.br\\\/tvnews\\\/amor-valente-afonso-beija-camila-a-forca-e-leva-tapa\\\/#webpage\",\"url\":\"https:\\\/\\\/www.tvnovelas.com.br\\\/tvnews\\\/amor-valente-afonso-beija-camila-a-forca-e-leva-tapa\\\/\",\"name\":\"Amor Valente: Afonso beija Camila \\u00e0 for\\u00e7a e leva tapa - TV News\",\"description\":\"Em Amor Valente nesta ter\\u00e7a, dia 1\\u00ba, Isadora diz a Afonso que entrou em contato com um especialista no M\\u00e9xico para tratar seu problema. Furioso, Afonso diz que esse problema \\u00e9 dele. Isadora responde que isso afeta todos eles. Afonso diz que se arrepende de ter se aliado a eles, pois est\\u00e1 pagando um pre\\u00e7o\",\"inLanguage\":\"pt-BR\",\"isPartOf\":{\"@id\":\"https:\\\/\\\/www.tvnovelas.com.br\\\/tvnews\\\/#website\"},\"breadcrumb\":{\"@id\":\"https:\\\/\\\/www.tvnovelas.com.br\\\/tvnews\\\/amor-valente-afonso-beija-camila-a-forca-e-leva-tapa\\\/#breadcrumblist\"},\"author\":{\"@id\":\"https:\\\/\\\/www.tvnovelas.com.br\\\/tvnews\\\/author\\\/pauloantonio\\\/#author\"},\"creator\":{\"@id\":\"https:\\\/\\\/www.tvnovelas.com.br\\\/tvnews\\\/author\\\/pauloantonio\\\/#author\"},\"image\":{\"@type\":\"ImageObject\",\"url\":\"https:\\\/\\\/i0.wp.com\\\/www.tvnovelas.com.br\\\/tvnews\\\/wp-content\\\/uploads\\\/2026\\\/09\\\/13723.jpg?fit=728%2C410&ssl=1\",\"@id\":\"https:\\\/\\\/www.tvnovelas.com.br\\\/tvnews\\\/amor-valente-afonso-beija-camila-a-forca-e-leva-tapa\\\/#mainImage\",\"width\":728,\"height\":410,\"caption\":\"Amor Valente:  Afonso beija Camila \\u00e0 for\\u00e7a e leva tapa\"},\"primaryImageOfPage\":{\"@id\":\"https:\\\/\\\/www.tvnovelas.com.br\\\/tvnews\\\/amor-valente-afonso-beija-camila-a-forca-e-leva-tapa\\\/#mainImage\"},\"datePublished\":\"2026-09-01T17:11:34-03:00\",\"dateModified\":\"2026-09-01T17:11:34-03:00\"},{\"@type\":\"WebSite\",\"@id\":\"https:\\\/\\\/www.tvnovelas.com.br\\\/tvnews\\\/#website\",\"url\":\"https:\\\/\\\/www.tvnovelas.com.br\\\/tvnews\\\/\",\"name\":\"TV News\",\"description\":\"Se link nas novelas\",\"inLanguage\":\"pt-BR\",\"publisher\":{\"@id\":\"https:\\\/\\\/www.tvnovelas.com.br\\\/tvnews\\\/#organization\"}}]}\n\t\t<\/script>\n\t\t<!-- All in One SEO -->\n\n","aioseo_head_json":{"title":"Amor Valente: Afonso beija Camila \u00e0 for\u00e7a e leva tapa - TV News","description":"Em Amor Valente nesta ter\u00e7a, dia 1\u00ba, Isadora diz a Afonso que entrou em contato com um especialista no M\u00e9xico para tratar seu problema. Furioso, Afonso diz que esse problema \u00e9 dele. Isadora responde que isso afeta todos eles. Afonso diz que se arrepende de ter se aliado a eles, pois est\u00e1 pagando um pre\u00e7o","canonical_url":"https:\/\/www.tvnovelas.com.br\/tvnews\/amor-valente-afonso-beija-camila-a-forca-e-leva-tapa\/","robots":"max-image-preview:large","keywords":"","webmasterTools":{"google-site-verification":"rkK9U9oF3S28qRc6gTV5lXAuAQX2mzrSuD6qnebspv8","msvalidate.01":"AD79AA3D776A998E190189FA8E4A5338","miscellaneous":""},"schema":{"@context":"https:\/\/schema.org","@graph":[{"@type":"Article","@id":"https:\/\/www.tvnovelas.com.br\/tvnews\/amor-valente-afonso-beija-camila-a-forca-e-leva-tapa\/#article","name":"Amor Valente: Afonso beija Camila \u00e0 for\u00e7a e leva tapa - TV News","headline":"Amor Valente:  Afonso beija Camila \u00e0 for\u00e7a e leva tapa","author":{"@id":"https:\/\/www.tvnovelas.com.br\/tvnews\/author\/pauloantonio\/#author"},"publisher":{"@id":"https:\/\/www.tvnovelas.com.br\/tvnews\/#organization"},"image":{"@type":"ImageObject","url":"https:\/\/i0.wp.com\/www.tvnovelas.com.br\/tvnews\/wp-content\/uploads\/2026\/09\/13723.jpg?fit=728%2C410&ssl=1","width":728,"height":410,"caption":"Amor Valente:  Afonso beija Camila \u00e0 for\u00e7a e leva tapa"},"datePublished":"2026-09-01T17:11:34-03:00","dateModified":"2026-09-01T17:11:34-03:00","inLanguage":"pt-BR","mainEntityOfPage":{"@id":"https:\/\/www.tvnovelas.com.br\/tvnews\/amor-valente-afonso-beija-camila-a-forca-e-leva-tapa\/#webpage"},"isPartOf":{"@id":"https:\/\/www.tvnovelas.com.br\/tvnews\/amor-valente-afonso-beija-camila-a-forca-e-leva-tapa\/#webpage"},"articleSection":"Amor Valente, Amor Valente, Novelas, SBT"},{"@type":"BreadcrumbList","@id":"https:\/\/www.tvnovelas.com.br\/tvnews\/amor-valente-afonso-beija-camila-a-forca-e-leva-tapa\/#breadcrumblist","itemListElement":[{"@type":"ListItem","@id":"https:\/\/www.tvnovelas.com.br\/tvnews#listItem","position":1,"name":"Home","item":"https:\/\/www.tvnovelas.com.br\/tvnews","nextItem":{"@type":"ListItem","@id":"https:\/\/www.tvnovelas.com.br\/tvnews\/category\/amor-valente\/#listItem","name":"Amor Valente"}},{"@type":"ListItem","@id":"https:\/\/www.tvnovelas.com.br\/tvnews\/category\/amor-valente\/#listItem","position":2,"name":"Amor Valente","item":"https:\/\/www.tvnovelas.com.br\/tvnews\/category\/amor-valente\/","nextItem":{"@type":"ListItem","@id":"https:\/\/www.tvnovelas.com.br\/tvnews\/amor-valente-afonso-beija-camila-a-forca-e-leva-tapa\/#listItem","name":"Amor Valente:  Afonso beija Camila \u00e0 for\u00e7a e leva tapa"},"previousItem":{"@type":"ListItem","@id":"https:\/\/www.tvnovelas.com.br\/tvnews#listItem","name":"Home"}},{"@type":"ListItem","@id":"https:\/\/www.tvnovelas.com.br\/tvnews\/amor-valente-afonso-beija-camila-a-forca-e-leva-tapa\/#listItem","position":3,"name":"Amor Valente:  Afonso beija Camila \u00e0 for\u00e7a e leva tapa","previousItem":{"@type":"ListItem","@id":"https:\/\/www.tvnovelas.com.br\/tvnews\/category\/amor-valente\/#listItem","name":"Amor Valente"}}]},{"@type":"Organization","@id":"https:\/\/www.tvnovelas.com.br\/tvnews\/#organization","name":"TV Novelas","description":"Se link nas novelas","url":"https:\/\/www.tvnovelas.com.br\/tvnews\/","logo":{"@type":"ImageObject","url":"https:\/\/www.tvnovelas.com.br\/novelas\/wp-content\/uploads\/2018\/01\/tvnovelas_logo.jpg","@id":"https:\/\/www.tvnovelas.com.br\/tvnews\/amor-valente-afonso-beija-camila-a-forca-e-leva-tapa\/#organizationLogo"},"image":{"@id":"https:\/\/www.tvnovelas.com.br\/tvnews\/amor-valente-afonso-beija-camila-a-forca-e-leva-tapa\/#organizationLogo"},"sameAs":["https:\/\/www.facebook.com\/tevenovelas\/","https:\/\/twitter.com\/TVNovelas"]},{"@type":"Person","@id":"https:\/\/www.tvnovelas.com.br\/tvnews\/author\/pauloantonio\/#author","url":"https:\/\/www.tvnovelas.com.br\/tvnews\/author\/pauloantonio\/","name":"Paulo Antonio","sameAs":["https:\/\/facebook.com\/pauloantonyo","https:\/\/facebook.com\/tevenovelas"]},{"@type":"WebPage","@id":"https:\/\/www.tvnovelas.com.br\/tvnews\/amor-valente-afonso-beija-camila-a-forca-e-leva-tapa\/#webpage","url":"https:\/\/www.tvnovelas.com.br\/tvnews\/amor-valente-afonso-beija-camila-a-forca-e-leva-tapa\/","name":"Amor Valente: Afonso beija Camila \u00e0 for\u00e7a e leva tapa - TV News","description":"Em Amor Valente nesta ter\u00e7a, dia 1\u00ba, Isadora diz a Afonso que entrou em contato com um especialista no M\u00e9xico para tratar seu problema. Furioso, Afonso diz que esse problema \u00e9 dele. Isadora responde que isso afeta todos eles. Afonso diz que se arrepende de ter se aliado a eles, pois est\u00e1 pagando um pre\u00e7o","inLanguage":"pt-BR","isPartOf":{"@id":"https:\/\/www.tvnovelas.com.br\/tvnews\/#website"},"breadcrumb":{"@id":"https:\/\/www.tvnovelas.com.br\/tvnews\/amor-valente-afonso-beija-camila-a-forca-e-leva-tapa\/#breadcrumblist"},"author":{"@id":"https:\/\/www.tvnovelas.com.br\/tvnews\/author\/pauloantonio\/#author"},"creator":{"@id":"https:\/\/www.tvnovelas.com.br\/tvnews\/author\/pauloantonio\/#author"},"image":{"@type":"ImageObject","url":"https:\/\/i0.wp.com\/www.tvnovelas.com.br\/tvnews\/wp-content\/uploads\/2026\/09\/13723.jpg?fit=728%2C410&ssl=1","@id":"https:\/\/www.tvnovelas.com.br\/tvnews\/amor-valente-afonso-beija-camila-a-forca-e-leva-tapa\/#mainImage","width":728,"height":410,"caption":"Amor Valente:  Afonso beija Camila \u00e0 for\u00e7a e leva tapa"},"primaryImageOfPage":{"@id":"https:\/\/www.tvnovelas.com.br\/tvnews\/amor-valente-afonso-beija-camila-a-forca-e-leva-tapa\/#mainImage"},"datePublished":"2026-09-01T17:11:34-03:00","dateModified":"2026-09-01T17:11:34-03:00"},{"@type":"WebSite","@id":"https:\/\/www.tvnovelas.com.br\/tvnews\/#website","url":"https:\/\/www.tvnovelas.com.br\/tvnews\/","name":"TV News","description":"Se link nas novelas","inLanguage":"pt-BR","publisher":{"@id":"https:\/\/www.tvnovelas.com.br\/tvnews\/#organization"}}]},"og:locale":"pt_BR","og:site_name":"TV News","og:type":"article","og:title":"Amor Valente: Afonso beija Camila \u00e0 for\u00e7a e leva tapa - TV News","og:description":"Em Amor Valente nesta ter\u00e7a, dia 1\u00ba, Isadora diz a Afonso que entrou em contato com um especialista no M\u00e9xico para tratar seu problema. Furioso, Afonso diz que esse problema \u00e9 dele. Isadora responde que isso afeta todos eles. Afonso diz que se arrepende de ter se aliado a eles, pois est\u00e1 pagando um pre\u00e7o","og:url":"https:\/\/www.tvnovelas.com.br\/tvnews\/amor-valente-afonso-beija-camila-a-forca-e-leva-tapa\/","og:image":"https:\/\/www.tvnovelas.com.br\/tvshow\/wp-content\/uploads\/2018\/07\/tvnovelas_logo.jpg","og:image:secure_url":"https:\/\/www.tvnovelas.com.br\/tvshow\/wp-content\/uploads\/2018\/07\/tvnovelas_logo.jpg","article:tag":["amor valente","novelas","sbt"],"article:published_time":"2026-09-01T20:11:34+00:00","article:modified_time":"2026-09-01T20:11:34+00:00","article:publisher":"https:\/\/www.facebook.com\/tevenovelas\/","article:author":"https:\/\/facebook.com\/pauloantonyo","twitter:card":"summary_large_image","twitter:site":"@TVNovelas","twitter:title":"Amor Valente: Afonso beija Camila \u00e0 for\u00e7a e leva tapa - TV News","twitter:description":"Em Amor Valente nesta ter\u00e7a, dia 1\u00ba, Isadora diz a Afonso que entrou em contato com um especialista no M\u00e9xico para tratar seu problema. Furioso, Afonso diz que esse problema \u00e9 dele. Isadora responde que isso afeta todos eles. Afonso diz que se arrepende de ter se aliado a eles, pois est\u00e1 pagando um pre\u00e7o","twitter:creator":"@TVNovelas","twitter:image":"https:\/\/www.tvnovelas.com.br\/tvshow\/wp-content\/uploads\/2018\/07\/tvnovelas_logo.jpg","twitter:label1":"Escrito por","twitter:data1":"Paulo Antonio","twitter:label2":"Tempo de leitura estimado","twitter:data2":"1 minuto"},"aioseo_meta_data":{"post_id":"92708","title":null,"description":null,"keywords":null,"keyphrases":{"focus":{"keyphrase":"Amor Valente","score":0,"analysis":[]},"additional":[]},"primary_term":null,"canonical_url":null,"og_title":null,"og_description":null,"og_object_type":"default","og_image_type":"default","og_image_url":null,"og_image_width":null,"og_image_height":null,"og_image_custom_url":null,"og_image_custom_fields":null,"og_video":"","og_custom_url":null,"og_article_section":null,"og_article_tags":null,"twitter_use_og":false,"twitter_card":"default","twitter_image_type":"default","twitter_image_url":null,"twitter_image_custom_url":null,"twitter_image_custom_fields":null,"twitter_title":null,"twitter_description":null,"schema":{"blockGraphs":[],"customGraphs":[],"default":{"data":{"Article":[],"Course":[],"Dataset":[],"FAQPage":[],"Movie":[],"Person":[],"Product":[],"ProductReview":[],"Car":[],"Recipe":[],"Service":[],"SoftwareApplication":[],"WebPage":[]},"graphName":"Article","isEnabled":true},"graphs":[]},"schema_type":"default","schema_type_options":null,"pillar_content":false,"robots_default":true,"robots_noindex":false,"robots_noarchive":false,"robots_nosnippet":false,"robots_nofollow":false,"robots_noimageindex":false,"robots_noodp":false,"robots_notranslate":false,"robots_max_snippet":"-1","robots_max_videopreview":"-1","robots_max_imagepreview":"large","priority":null,"frequency":"default","local_seo":null,"breadcrumb_settings":null,"limit_modified_date":false,"ai":{"faqs":[],"keyPoints":[],"schemas":[],"titles":[],"descriptions":[],"socialPosts":{"email":{"subject":"","preview":"","content":""},"linkedin":[],"twitter":[],"facebook":[],"instagram":[]}},"created":"2026-09-01 20:11:34","updated":"2026-09-02 12:17:18","seo_analyzer_scan_date":null,"focus_keyword":"Amor Valente","additional_keywords":null,"truseo_locale":null},"aioseo_breadcrumb":"<div class=\"aioseo-breadcrumbs\"><span class=\"aioseo-breadcrumb\">\n\t\t\t<a href=\"https:\/\/www.tvnovelas.com.br\/tvnews\" title=\"Home\">Home<\/a>\n\t\t<\/span><span class=\"aioseo-breadcrumb-separator\">&raquo;<\/span><span class=\"aioseo-breadcrumb\">\n\t\t\t<a href=\"https:\/\/www.tvnovelas.com.br\/tvnews\/category\/amor-valente\/\" title=\"Amor Valente\">Amor Valente<\/a>\n\t\t<\/span><span class=\"aioseo-breadcrumb-separator\">&raquo;<\/span><span class=\"aioseo-breadcrumb\">\n\t\t\tAmor Valente:  Afonso beija Camila \u00e0 for\u00e7a e leva tapa\n\t\t<\/span><\/div>","aioseo_breadcrumb_json":[{"label":"Home","link":"https:\/\/www.tvnovelas.com.br\/tvnews"},{"label":"Amor Valente","link":"https:\/\/www.tvnovelas.com.br\/tvnews\/category\/amor-valente\/"},{"label":"Amor Valente:  Afonso beija Camila \u00e0 for\u00e7a e leva tapa","link":"https:\/\/www.tvnovelas.com.br\/tvnews\/amor-valente-afonso-beija-camila-a-forca-e-leva-tapa\/"}],"jetpack_shortlink":"https:\/\/wp.me\/pdP2BO-o7i","jetpack_sharing_enabled":true,"jetpack_featured_media_url":"https:\/\/i0.wp.com\/www.tvnovelas.com.br\/tvnews\/wp-content\/uploads\/2026\/09\/13723.jpg?fit=728%2C410&ssl=1","_links":{"self":[{"href":"https:\/\/www.tvnovelas.com.br\/tvnews\/wp-json\/wp\/v2\/posts\/92708","targetHints":{"allow":["GET"]}}],"collection":[{"href":"https:\/\/www.tvnovelas.com.br\/tvnews\/wp-json\/wp\/v2\/posts"}],"about":[{"href":"https:\/\/www.tvnovelas.com.br\/tvnews\/wp-json\/wp\/v2\/types\/post"}],"author":[{"embeddable":true,"href":"https:\/\/www.tvnovelas.com.br\/tvnews\/wp-json\/wp\/v2\/users\/1"}],"replies":[{"embeddable":true,"href":"https:\/\/www.tvnovelas.com.br\/tvnews\/wp-json\/wp\/v2\/comments?post=92708"}],"version-history":[{"count":1,"href":"https:\/\/www.tvnovelas.com.br\/tvnews\/wp-json\/wp\/v2\/posts\/92708\/revisions"}],"predecessor-version":[{"id":92710,"href":"https:\/\/www.tvnovelas.com.br\/tvnews\/wp-json\/wp\/v2\/posts\/92708\/revisions\/92710"}],"wp:featuredmedia":[{"embeddable":true,"href":"https:\/\/www.tvnovelas.com.br\/tvnews\/wp-json\/wp\/v2\/media\/92709"}],"wp:attachment":[{"href":"https:\/\/www.tvnovelas.com.br\/tvnews\/wp-json\/wp\/v2\/media?parent=92708"}],"wp:term":[{"taxonomy":"category","embeddable":true,"href":"https:\/\/www.tvnovelas.com.br\/tvnews\/wp-json\/wp\/v2\/categories?post=92708"},{"taxonomy":"post_tag","embeddable":true,"href":"https:\/\/www.tvnovelas.com.br\/tvnews\/wp-json\/wp\/v2\/tags?post=92708"}],"curies":[{"name":"wp","href":"https:\/\/api.w.org\/{rel}","templated":true}]}}